{"id":10343,"date":"2022-07-08T11:17:18","date_gmt":"2022-07-08T11:17:18","guid":{"rendered":"https:\/\/www.uaga.eus\/?p=10343"},"modified":"2022-09-02T07:29:49","modified_gmt":"2022-09-02T07:29:49","slug":"la-jornada-de-ganaderia-y-agricultura-regenerativa-organizada-por-uaga-atrae-a-numerosos-ganaderos-alaveses","status":"publish","type":"post","link":"https:\/\/www.uaga.eus\/eu\/la-jornada-de-ganaderia-y-agricultura-regenerativa-organizada-por-uaga-atrae-a-numerosos-ganaderos-alaveses\/","title":{"rendered":"La jornada de ganader\u00eda y agricultura regenerativa en producci\u00f3n ecol\u00f3gica organizada por UAGA atrae a numerosos ganaderos alaveses"},"content":{"rendered":"<p>UAGA realiz\u00f3 la semana pasada una jornada presencial en Ataria, en la que se trataron temas de gran actualidad como la ganader\u00eda de alta carga regenerativa, su manejo\u00a0y su rentabilidad tanto econ\u00f3mica como para la mejora del suelo y la conservaci\u00f3n del entorno. Estas t\u00e9cnicas van en la l\u00ednea de la producci\u00f3n ecol\u00f3gica ya que promueve la regeneraci\u00f3n del suelo, la capacidad de retenci\u00f3n h\u00eddrica, la mejora de la huella de carbono y la creaci\u00f3n de comunidades alrededor de la tierra.<\/p>\n<p>Unai Campo, vicepresidente de UAGA, introdujo al ponente, el ganadero argentino\u00a0Pablo Etchebarry,\u00a0fundador de PensAgro, que est\u00e1 obteniendo buenos resultados aplicando estas pr\u00e1cticas en su explotaci\u00f3n.<\/p>\n<p>Pablo Etchebarry aport\u00f3 sus conocimientos sobre la<strong>\u00a0importancia de la carga ganadera y el pastoreo no selectivo en la regeneraci\u00f3n de suelos y la rentabilidad econ\u00f3mica<\/strong>\u00a0que tiene este sistema, y que est\u00e1 siendo implantado en todas las partes del mundo, ganando cada vez m\u00e1s adeptos.<\/p>\n<p>La jornada, en la participaron una treintena de ganaderos alaveses, finaliz\u00f3\u00a0con una visita t\u00e9cnica\u00a0a una explotaci\u00f3n en la localidad de Mendarozketa inscrita en producci\u00f3n ecol\u00f3gica con diversificaci\u00f3n de actividades y en la que en la que predominan t\u00e9cnicas de pastoreo. En la visita se pudieron analizar, las distintas alternativas y posibilidades de manejo de los pastos.<\/p>\n<p dir=\"ltr\">+ INFO\u00a0GUSTAVO: 635 704 865<\/p>\n","protected":false},"excerpt":{"rendered":"<p>UAGA realiz\u00f3 la semana pasada una jornada presencial en Ataria, en la que se trataron temas de gran actualidad como la ganader\u00eda de alta carga regenerativa, su manejo\u00a0y su rentabilidad tanto econ\u00f3mica como para la mejora del suelo y la conservaci\u00f3n del entorno. Estas t\u00e9cnicas van en la l\u00ednea de la producci\u00f3n ecol\u00f3gica ya que [&hellip;]<\/p>\n","protected":false},"author":4,"featured_media":10344,"comment_status":"closed","ping_status":"closed","sticky":false,"template":"","format":"standard","meta":{"footnotes":""},"categories":[7,10,66,8],"tags":[],"yoast_head":"<!-- This site is optimized with the Yoast SEO plugin v21.5 - https:\/\/yoast.com\/wordpress\/plugins\/seo\/ -->\n<title>La jornada de ganader\u00eda y agricultura regenerativa en producci\u00f3n ecol\u00f3gica organizada por UAGA atrae a numerosos ganaderos alaveses - UAGA<\/title>\n<meta name=\"robots\" content=\"index, follow, max-snippet:-1, max-image-preview:large, max-video-preview:-1\" \/>\n<link rel=\"canonical\" href=\"https:\/\/www.uaga.eus\/la-jornada-de-ganaderia-y-agricultura-regenerativa-organizada-por-uaga-atrae-a-numerosos-ganaderos-alaveses\/\" \/>\n<meta property=\"og:locale\" content=\"en_US\" \/>\n<meta property=\"og:type\" content=\"article\" \/>\n<meta property=\"og:title\" content=\"La jornada de ganader\u00eda y agricultura regenerativa en producci\u00f3n ecol\u00f3gica organizada por UAGA atrae a numerosos ganaderos alaveses - UAGA\" \/>\n<meta property=\"og:description\" content=\"UAGA realiz\u00f3 la semana pasada una jornada presencial en Ataria, en la que se trataron temas de gran actualidad como la ganader\u00eda de alta carga regenerativa, su manejo\u00a0y su rentabilidad tanto econ\u00f3mica como para la mejora del suelo y la conservaci\u00f3n del entorno. Estas t\u00e9cnicas van en la l\u00ednea de la producci\u00f3n ecol\u00f3gica ya que [&hellip;]\" \/>\n<meta property=\"og:url\" content=\"https:\/\/www.uaga.eus\/la-jornada-de-ganaderia-y-agricultura-regenerativa-organizada-por-uaga-atrae-a-numerosos-ganaderos-alaveses\/\" \/>\n<meta property=\"og:site_name\" content=\"UAGA\" \/>\n<meta property=\"article:published_time\" content=\"2022-07-08T11:17:18+00:00\" \/>\n<meta property=\"article:modified_time\" content=\"2022-09-02T07:29:49+00:00\" \/>\n<meta property=\"og:image\" content=\"https:\/\/www.uaga.eus\/wp-content\/uploads\/2022\/07\/Jornada-Pablo-Etcheberry-e1657279008593.jpeg\" \/>\n\t<meta property=\"og:image:width\" content=\"700\" \/>\n\t<meta property=\"og:image:height\" content=\"376\" \/>\n\t<meta property=\"og:image:type\" content=\"image\/jpeg\" \/>\n<meta name=\"author\" content=\"Blanca S\u00e1nchez\" \/>\n<meta name=\"twitter:card\" content=\"summary_large_image\" \/>\n<meta name=\"twitter:label1\" content=\"Written by\" \/>\n\t<meta name=\"twitter:data1\" content=\"Blanca S\u00e1nchez\" \/>\n\t<meta name=\"twitter:label2\" content=\"Est. reading time\" \/>\n\t<meta name=\"twitter:data2\" content=\"1 minutua\" \/>\n<script type=\"application\/ld+json\" class=\"yoast-schema-graph\">{\"@context\":\"https:\/\/schema.org\",\"@graph\":[{\"@type\":\"WebPage\",\"@id\":\"https:\/\/www.uaga.eus\/la-jornada-de-ganaderia-y-agricultura-regenerativa-organizada-por-uaga-atrae-a-numerosos-ganaderos-alaveses\/\",\"url\":\"https:\/\/www.uaga.eus\/la-jornada-de-ganaderia-y-agricultura-regenerativa-organizada-por-uaga-atrae-a-numerosos-ganaderos-alaveses\/\",\"name\":\"La jornada de ganader\u00eda y agricultura regenerativa en producci\u00f3n ecol\u00f3gica organizada por UAGA atrae a numerosos ganaderos alaveses - UAGA\",\"isPartOf\":{\"@id\":\"https:\/\/www.uaga.eus\/#website\"},\"datePublished\":\"2022-07-08T11:17:18+00:00\",\"dateModified\":\"2022-09-02T07:29:49+00:00\",\"author\":{\"@id\":\"https:\/\/www.uaga.eus\/#\/schema\/person\/48c3cbf0f33d1b788226dbb6518689cf\"},\"breadcrumb\":{\"@id\":\"https:\/\/www.uaga.eus\/la-jornada-de-ganaderia-y-agricultura-regenerativa-organizada-por-uaga-atrae-a-numerosos-ganaderos-alaveses\/#breadcrumb\"},\"inLanguage\":\"eu\",\"potentialAction\":[{\"@type\":\"ReadAction\",\"target\":[\"https:\/\/www.uaga.eus\/la-jornada-de-ganaderia-y-agricultura-regenerativa-organizada-por-uaga-atrae-a-numerosos-ganaderos-alaveses\/\"]}]},{\"@type\":\"BreadcrumbList\",\"@id\":\"https:\/\/www.uaga.eus\/la-jornada-de-ganaderia-y-agricultura-regenerativa-organizada-por-uaga-atrae-a-numerosos-ganaderos-alaveses\/#breadcrumb\",\"itemListElement\":[{\"@type\":\"ListItem\",\"position\":1,\"name\":\"Inicio\",\"item\":\"https:\/\/www.uaga.eus\/\"},{\"@type\":\"ListItem\",\"position\":2,\"name\":\"La jornada de ganader\u00eda y agricultura regenerativa en producci\u00f3n ecol\u00f3gica organizada por UAGA atrae a numerosos ganaderos alaveses\"}]},{\"@type\":\"WebSite\",\"@id\":\"https:\/\/www.uaga.eus\/#website\",\"url\":\"https:\/\/www.uaga.eus\/\",\"name\":\"UAGA\",\"description\":\"Uni\u00f3n Agroganadera de \u00c1lava - Araba Nekazarien Elkartea\",\"potentialAction\":[{\"@type\":\"SearchAction\",\"target\":{\"@type\":\"EntryPoint\",\"urlTemplate\":\"https:\/\/www.uaga.eus\/?s={search_term_string}\"},\"query-input\":\"required name=search_term_string\"}],\"inLanguage\":\"eu\"},{\"@type\":\"Person\",\"@id\":\"https:\/\/www.uaga.eus\/#\/schema\/person\/48c3cbf0f33d1b788226dbb6518689cf\",\"name\":\"Blanca S\u00e1nchez\",\"image\":{\"@type\":\"ImageObject\",\"inLanguage\":\"eu\",\"@id\":\"https:\/\/www.uaga.eus\/#\/schema\/person\/image\/\",\"url\":\"https:\/\/secure.gravatar.com\/avatar\/0dc91c20648254b1ce84877283f6751b?s=96&d=mm&r=g\",\"contentUrl\":\"https:\/\/secure.gravatar.com\/avatar\/0dc91c20648254b1ce84877283f6751b?s=96&d=mm&r=g\",\"caption\":\"Blanca S\u00e1nchez\"},\"url\":\"https:\/\/www.uaga.eus\/eu\/author\/bsanchez\/\"}]}<\/script>\n<!-- \/ Yoast SEO plugin. -->","yoast_head_json":{"title":"La jornada de ganader\u00eda y agricultura regenerativa en producci\u00f3n ecol\u00f3gica organizada por UAGA atrae a numerosos ganaderos alaveses - UAGA","robots":{"index":"index","follow":"follow","max-snippet":"max-snippet:-1","max-image-preview":"max-image-preview:large","max-video-preview":"max-video-preview:-1"},"canonical":"https:\/\/www.uaga.eus\/la-jornada-de-ganaderia-y-agricultura-regenerativa-organizada-por-uaga-atrae-a-numerosos-ganaderos-alaveses\/","og_locale":"en_US","og_type":"article","og_title":"La jornada de ganader\u00eda y agricultura regenerativa en producci\u00f3n ecol\u00f3gica organizada por UAGA atrae a numerosos ganaderos alaveses - UAGA","og_description":"UAGA realiz\u00f3 la semana pasada una jornada presencial en Ataria, en la que se trataron temas de gran actualidad como la ganader\u00eda de alta carga regenerativa, su manejo\u00a0y su rentabilidad tanto econ\u00f3mica como para la mejora del suelo y la conservaci\u00f3n del entorno. Estas t\u00e9cnicas van en la l\u00ednea de la producci\u00f3n ecol\u00f3gica ya que [&hellip;]","og_url":"https:\/\/www.uaga.eus\/la-jornada-de-ganaderia-y-agricultura-regenerativa-organizada-por-uaga-atrae-a-numerosos-ganaderos-alaveses\/","og_site_name":"UAGA","article_published_time":"2022-07-08T11:17:18+00:00","article_modified_time":"2022-09-02T07:29:49+00:00","og_image":[{"width":700,"height":376,"url":"https:\/\/www.uaga.eus\/wp-content\/uploads\/2022\/07\/Jornada-Pablo-Etcheberry-e1657279008593.jpeg","type":"image\/jpeg"}],"author":"Blanca S\u00e1nchez","twitter_card":"summary_large_image","twitter_misc":{"Written by":"Blanca S\u00e1nchez","Est. reading time":"1 minutua"},"schema":{"@context":"https:\/\/schema.org","@graph":[{"@type":"WebPage","@id":"https:\/\/www.uaga.eus\/la-jornada-de-ganaderia-y-agricultura-regenerativa-organizada-por-uaga-atrae-a-numerosos-ganaderos-alaveses\/","url":"https:\/\/www.uaga.eus\/la-jornada-de-ganaderia-y-agricultura-regenerativa-organizada-por-uaga-atrae-a-numerosos-ganaderos-alaveses\/","name":"La jornada de ganader\u00eda y agricultura regenerativa en producci\u00f3n ecol\u00f3gica organizada por UAGA atrae a numerosos ganaderos alaveses - UAGA","isPartOf":{"@id":"https:\/\/www.uaga.eus\/#website"},"datePublished":"2022-07-08T11:17:18+00:00","dateModified":"2022-09-02T07:29:49+00:00","author":{"@id":"https:\/\/www.uaga.eus\/#\/schema\/person\/48c3cbf0f33d1b788226dbb6518689cf"},"breadcrumb":{"@id":"https:\/\/www.uaga.eus\/la-jornada-de-ganaderia-y-agricultura-regenerativa-organizada-por-uaga-atrae-a-numerosos-ganaderos-alaveses\/#breadcrumb"},"inLanguage":"eu","potentialAction":[{"@type":"ReadAction","target":["https:\/\/www.uaga.eus\/la-jornada-de-ganaderia-y-agricultura-regenerativa-organizada-por-uaga-atrae-a-numerosos-ganaderos-alaveses\/"]}]},{"@type":"BreadcrumbList","@id":"https:\/\/www.uaga.eus\/la-jornada-de-ganaderia-y-agricultura-regenerativa-organizada-por-uaga-atrae-a-numerosos-ganaderos-alaveses\/#breadcrumb","itemListElement":[{"@type":"ListItem","position":1,"name":"Inicio","item":"https:\/\/www.uaga.eus\/"},{"@type":"ListItem","position":2,"name":"La jornada de ganader\u00eda y agricultura regenerativa en producci\u00f3n ecol\u00f3gica organizada por UAGA atrae a numerosos ganaderos alaveses"}]},{"@type":"WebSite","@id":"https:\/\/www.uaga.eus\/#website","url":"https:\/\/www.uaga.eus\/","name":"UAGA","description":"Uni\u00f3n Agroganadera de \u00c1lava - Araba Nekazarien Elkartea","potentialAction":[{"@type":"SearchAction","target":{"@type":"EntryPoint","urlTemplate":"https:\/\/www.uaga.eus\/?s={search_term_string}"},"query-input":"required name=search_term_string"}],"inLanguage":"eu"},{"@type":"Person","@id":"https:\/\/www.uaga.eus\/#\/schema\/person\/48c3cbf0f33d1b788226dbb6518689cf","name":"Blanca S\u00e1nchez","image":{"@type":"ImageObject","inLanguage":"eu","@id":"https:\/\/www.uaga.eus\/#\/schema\/person\/image\/","url":"https:\/\/secure.gravatar.com\/avatar\/0dc91c20648254b1ce84877283f6751b?s=96&d=mm&r=g","contentUrl":"https:\/\/secure.gravatar.com\/avatar\/0dc91c20648254b1ce84877283f6751b?s=96&d=mm&r=g","caption":"Blanca S\u00e1nchez"},"url":"https:\/\/www.uaga.eus\/eu\/author\/bsanchez\/"}]}},"_links":{"self":[{"href":"https:\/\/www.uaga.eus\/eu\/wp-json\/wp\/v2\/posts\/10343"}],"collection":[{"href":"https:\/\/www.uaga.eus\/eu\/wp-json\/wp\/v2\/posts"}],"about":[{"href":"https:\/\/www.uaga.eus\/eu\/wp-json\/wp\/v2\/types\/post"}],"author":[{"embeddable":true,"href":"https:\/\/www.uaga.eus\/eu\/wp-json\/wp\/v2\/users\/4"}],"replies":[{"embeddable":true,"href":"https:\/\/www.uaga.eus\/eu\/wp-json\/wp\/v2\/comments?post=10343"}],"version-history":[{"count":2,"href":"https:\/\/www.uaga.eus\/eu\/wp-json\/wp\/v2\/posts\/10343\/revisions"}],"predecessor-version":[{"id":10436,"href":"https:\/\/www.uaga.eus\/eu\/wp-json\/wp\/v2\/posts\/10343\/revisions\/10436"}],"wp:featuredmedia":[{"embeddable":true,"href":"https:\/\/www.uaga.eus\/eu\/wp-json\/wp\/v2\/media\/10344"}],"wp:attachment":[{"href":"https:\/\/www.uaga.eus\/eu\/wp-json\/wp\/v2\/media?parent=10343"}],"wp:term":[{"taxonomy":"category","embeddable":true,"href":"https:\/\/www.uaga.eus\/eu\/wp-json\/wp\/v2\/categories?post=10343"},{"taxonomy":"post_tag","embeddable":true,"href":"https:\/\/www.uaga.eus\/eu\/wp-json\/wp\/v2\/tags?post=10343"}],"curies":[{"name":"wp","href":"https:\/\/api.w.org\/{rel}","templated":true}]}}