{"id":10315,"date":"2022-07-01T12:08:15","date_gmt":"2022-07-01T12:08:15","guid":{"rendered":"https:\/\/www.uaga.eus\/?p=10315"},"modified":"2022-07-01T12:08:15","modified_gmt":"2022-07-01T12:08:15","slug":"el-ministerio-preve-enviar-el-plan-estrategico-de-la-pac-a-bruselas-a-mediados-de-julio-y-que-sea-finalmente-aprobado-en-septiembre","status":"publish","type":"post","link":"https:\/\/www.uaga.eus\/eu\/el-ministerio-preve-enviar-el-plan-estrategico-de-la-pac-a-bruselas-a-mediados-de-julio-y-que-sea-finalmente-aprobado-en-septiembre\/","title":{"rendered":"El Ministerio prev\u00e9 enviar el Plan Estrat\u00e9gico de la PAC a Bruselas a mediados de julio, y que sea finalmente aprobado en septiembre"},"content":{"rendered":"<p>El secretario general de Agricultura y Alimentaci\u00f3n, Fernando Miranda, ha avanzado la\u00a0<strong>intenci\u00f3n del Ministerio de que el Plan Estrat\u00e9gico nacional de la PAC est\u00e9 finalizado y enviado a la Comisi\u00f3n Europea a mediados de julio, para que pueda ser revisado y aprobado de manera definitiva en septiembre.<\/strong><\/p>\n<p>Tras la reuni\u00f3n mantenida con los representantes de las Comunidades Aut\u00f3nomas, as\u00ed como con Cooperativas Agroalimentarias y las Organizaciones Profesionales Agrarias COAG, ASAJA y UPA, para informar de los \u00faltimos ajustes introducidos por el Gobierno, y tras las reuniones con la Comisi\u00f3n Europea, se ha enviado el \u00faltimo Plan Estrat\u00e9gico de la PAC 2023-2027, que da respuesta a las observaciones remitidas por Bruselas el pasado 30 de marzo.<\/p>\n<p>Entre las modificaciones introducidas, el secretario general del MAPA\u00a0 ha indicado que, dado que la Comisi\u00f3n Europea no ha considerado la inclusi\u00f3n de girasol y colza en el plan proteico, la propuesta del estado espa\u00f1ol es destinar los 45 millones de euros previstos para estos cultivos a incrementar la ayuda b\u00e1sica a la renta de las regiones donde se producen.<\/p>\n<p>Por otro lado, el secretario general ha detallado la propuesta del estado espa\u00f1ol para verificar si las comunidades de bienes y otras entidades en r\u00e9gimen de atribuci\u00f3n de rentas pueden ser consideradas como agricultor activo. Para ello, se ha establecido provisionalmente, que si un comunero est\u00e1 dado de alta en la seguridad social agraria o cumple el criterio de que el 25% de sus ingresos individuales procedan de la agricultura, la Comunidad de Bienes ser\u00e1 considerada como un agricultor activo.<\/p>\n<p>Por \u00faltimo, el secretario general tambi\u00e9n ha dado detalles del estado de tramitaci\u00f3n de los diferentes reales decretos necesarios para la implementaci\u00f3n de la PAC (sistemas de gesti\u00f3n, reglamentos horizontales), as\u00ed como de la normativa relacionada con las diferentes \u00e1reas del Ministerio; como la aplicaci\u00f3n del SIEX,Sistema de Informaci\u00f3n de Explotaciones, el real decreto de bienestar animal o las intervenciones en el sector de frutas y hortalizas, entre otros.<br \/>\n+ INFO\u00a0H\u00c9CTOR:\u00a0618 670 869<\/p>\n","protected":false},"excerpt":{"rendered":"<p>El secretario general de Agricultura y Alimentaci\u00f3n, Fernando Miranda, ha avanzado la\u00a0intenci\u00f3n del Ministerio de que el Plan Estrat\u00e9gico nacional de la PAC est\u00e9 finalizado y enviado a la Comisi\u00f3n Europea a mediados de julio, para que pueda ser revisado y aprobado de manera definitiva en septiembre. Tras la reuni\u00f3n mantenida con los representantes de [&hellip;]<\/p>\n","protected":false},"author":4,"featured_media":7859,"comment_status":"closed","ping_status":"closed","sticky":false,"template":"","format":"standard","meta":{"footnotes":""},"categories":[4],"tags":[],"yoast_head":"<!-- This site is optimized with the Yoast SEO plugin v21.5 - https:\/\/yoast.com\/wordpress\/plugins\/seo\/ -->\n<title>El Ministerio prev\u00e9 enviar el Plan Estrat\u00e9gico de la PAC a Bruselas a mediados de julio, y que sea finalmente aprobado en septiembre - UAGA<\/title>\n<meta name=\"robots\" content=\"index, follow, max-snippet:-1, max-image-preview:large, max-video-preview:-1\" \/>\n<link rel=\"canonical\" href=\"https:\/\/www.uaga.eus\/eu\/el-ministerio-preve-enviar-el-plan-estrategico-de-la-pac-a-bruselas-a-mediados-de-julio-y-que-sea-finalmente-aprobado-en-septiembre\/\" \/>\n<meta property=\"og:locale\" content=\"en_US\" \/>\n<meta property=\"og:type\" content=\"article\" \/>\n<meta property=\"og:title\" content=\"El Ministerio prev\u00e9 enviar el Plan Estrat\u00e9gico de la PAC a Bruselas a mediados de julio, y que sea finalmente aprobado en septiembre - UAGA\" \/>\n<meta property=\"og:description\" content=\"El secretario general de Agricultura y Alimentaci\u00f3n, Fernando Miranda, ha avanzado la\u00a0intenci\u00f3n del Ministerio de que el Plan Estrat\u00e9gico nacional de la PAC est\u00e9 finalizado y enviado a la Comisi\u00f3n Europea a mediados de julio, para que pueda ser revisado y aprobado de manera definitiva en septiembre. Tras la reuni\u00f3n mantenida con los representantes de [&hellip;]\" \/>\n<meta property=\"og:url\" content=\"https:\/\/www.uaga.eus\/eu\/el-ministerio-preve-enviar-el-plan-estrategico-de-la-pac-a-bruselas-a-mediados-de-julio-y-que-sea-finalmente-aprobado-en-septiembre\/\" \/>\n<meta property=\"og:site_name\" content=\"UAGA\" \/>\n<meta property=\"article:published_time\" content=\"2022-07-01T12:08:15+00:00\" \/>\n<meta property=\"og:image\" content=\"https:\/\/www.uaga.eus\/wp-content\/uploads\/2020\/07\/PAC-e1595588596961.jpeg\" \/>\n\t<meta property=\"og:image:width\" content=\"700\" \/>\n\t<meta property=\"og:image:height\" content=\"342\" \/>\n\t<meta property=\"og:image:type\" content=\"image\/jpeg\" \/>\n<meta name=\"author\" content=\"Blanca S\u00e1nchez\" \/>\n<meta name=\"twitter:card\" content=\"summary_large_image\" \/>\n<meta name=\"twitter:label1\" content=\"Written by\" \/>\n\t<meta name=\"twitter:data1\" content=\"Blanca S\u00e1nchez\" \/>\n\t<meta name=\"twitter:label2\" content=\"Est. reading time\" \/>\n\t<meta name=\"twitter:data2\" content=\"2 minutua\" \/>\n<script type=\"application\/ld+json\" class=\"yoast-schema-graph\">{\"@context\":\"https:\/\/schema.org\",\"@graph\":[{\"@type\":\"WebPage\",\"@id\":\"https:\/\/www.uaga.eus\/eu\/el-ministerio-preve-enviar-el-plan-estrategico-de-la-pac-a-bruselas-a-mediados-de-julio-y-que-sea-finalmente-aprobado-en-septiembre\/\",\"url\":\"https:\/\/www.uaga.eus\/eu\/el-ministerio-preve-enviar-el-plan-estrategico-de-la-pac-a-bruselas-a-mediados-de-julio-y-que-sea-finalmente-aprobado-en-septiembre\/\",\"name\":\"El Ministerio prev\u00e9 enviar el Plan Estrat\u00e9gico de la PAC a Bruselas a mediados de julio, y que sea finalmente aprobado en septiembre - UAGA\",\"isPartOf\":{\"@id\":\"https:\/\/www.uaga.eus\/#website\"},\"datePublished\":\"2022-07-01T12:08:15+00:00\",\"dateModified\":\"2022-07-01T12:08:15+00:00\",\"author\":{\"@id\":\"https:\/\/www.uaga.eus\/#\/schema\/person\/48c3cbf0f33d1b788226dbb6518689cf\"},\"breadcrumb\":{\"@id\":\"https:\/\/www.uaga.eus\/eu\/el-ministerio-preve-enviar-el-plan-estrategico-de-la-pac-a-bruselas-a-mediados-de-julio-y-que-sea-finalmente-aprobado-en-septiembre\/#breadcrumb\"},\"inLanguage\":\"eu\",\"potentialAction\":[{\"@type\":\"ReadAction\",\"target\":[\"https:\/\/www.uaga.eus\/eu\/el-ministerio-preve-enviar-el-plan-estrategico-de-la-pac-a-bruselas-a-mediados-de-julio-y-que-sea-finalmente-aprobado-en-septiembre\/\"]}]},{\"@type\":\"BreadcrumbList\",\"@id\":\"https:\/\/www.uaga.eus\/eu\/el-ministerio-preve-enviar-el-plan-estrategico-de-la-pac-a-bruselas-a-mediados-de-julio-y-que-sea-finalmente-aprobado-en-septiembre\/#breadcrumb\",\"itemListElement\":[{\"@type\":\"ListItem\",\"position\":1,\"name\":\"Inicio\",\"item\":\"https:\/\/www.uaga.eus\/\"},{\"@type\":\"ListItem\",\"position\":2,\"name\":\"El Ministerio prev\u00e9 enviar el Plan Estrat\u00e9gico de la PAC a Bruselas a mediados de julio, y que sea finalmente aprobado en septiembre\"}]},{\"@type\":\"WebSite\",\"@id\":\"https:\/\/www.uaga.eus\/#website\",\"url\":\"https:\/\/www.uaga.eus\/\",\"name\":\"UAGA\",\"description\":\"Uni\u00f3n Agroganadera de \u00c1lava - Araba Nekazarien Elkartea\",\"potentialAction\":[{\"@type\":\"SearchAction\",\"target\":{\"@type\":\"EntryPoint\",\"urlTemplate\":\"https:\/\/www.uaga.eus\/?s={search_term_string}\"},\"query-input\":\"required name=search_term_string\"}],\"inLanguage\":\"eu\"},{\"@type\":\"Person\",\"@id\":\"https:\/\/www.uaga.eus\/#\/schema\/person\/48c3cbf0f33d1b788226dbb6518689cf\",\"name\":\"Blanca S\u00e1nchez\",\"image\":{\"@type\":\"ImageObject\",\"inLanguage\":\"eu\",\"@id\":\"https:\/\/www.uaga.eus\/#\/schema\/person\/image\/\",\"url\":\"https:\/\/secure.gravatar.com\/avatar\/0dc91c20648254b1ce84877283f6751b?s=96&d=mm&r=g\",\"contentUrl\":\"https:\/\/secure.gravatar.com\/avatar\/0dc91c20648254b1ce84877283f6751b?s=96&d=mm&r=g\",\"caption\":\"Blanca S\u00e1nchez\"},\"url\":\"https:\/\/www.uaga.eus\/eu\/author\/bsanchez\/\"}]}<\/script>\n<!-- \/ Yoast SEO plugin. -->","yoast_head_json":{"title":"El Ministerio prev\u00e9 enviar el Plan Estrat\u00e9gico de la PAC a Bruselas a mediados de julio, y que sea finalmente aprobado en septiembre - UAGA","robots":{"index":"index","follow":"follow","max-snippet":"max-snippet:-1","max-image-preview":"max-image-preview:large","max-video-preview":"max-video-preview:-1"},"canonical":"https:\/\/www.uaga.eus\/eu\/el-ministerio-preve-enviar-el-plan-estrategico-de-la-pac-a-bruselas-a-mediados-de-julio-y-que-sea-finalmente-aprobado-en-septiembre\/","og_locale":"en_US","og_type":"article","og_title":"El Ministerio prev\u00e9 enviar el Plan Estrat\u00e9gico de la PAC a Bruselas a mediados de julio, y que sea finalmente aprobado en septiembre - UAGA","og_description":"El secretario general de Agricultura y Alimentaci\u00f3n, Fernando Miranda, ha avanzado la\u00a0intenci\u00f3n del Ministerio de que el Plan Estrat\u00e9gico nacional de la PAC est\u00e9 finalizado y enviado a la Comisi\u00f3n Europea a mediados de julio, para que pueda ser revisado y aprobado de manera definitiva en septiembre. Tras la reuni\u00f3n mantenida con los representantes de [&hellip;]","og_url":"https:\/\/www.uaga.eus\/eu\/el-ministerio-preve-enviar-el-plan-estrategico-de-la-pac-a-bruselas-a-mediados-de-julio-y-que-sea-finalmente-aprobado-en-septiembre\/","og_site_name":"UAGA","article_published_time":"2022-07-01T12:08:15+00:00","og_image":[{"width":700,"height":342,"url":"https:\/\/www.uaga.eus\/wp-content\/uploads\/2020\/07\/PAC-e1595588596961.jpeg","type":"image\/jpeg"}],"author":"Blanca S\u00e1nchez","twitter_card":"summary_large_image","twitter_misc":{"Written by":"Blanca S\u00e1nchez","Est. reading time":"2 minutua"},"schema":{"@context":"https:\/\/schema.org","@graph":[{"@type":"WebPage","@id":"https:\/\/www.uaga.eus\/eu\/el-ministerio-preve-enviar-el-plan-estrategico-de-la-pac-a-bruselas-a-mediados-de-julio-y-que-sea-finalmente-aprobado-en-septiembre\/","url":"https:\/\/www.uaga.eus\/eu\/el-ministerio-preve-enviar-el-plan-estrategico-de-la-pac-a-bruselas-a-mediados-de-julio-y-que-sea-finalmente-aprobado-en-septiembre\/","name":"El Ministerio prev\u00e9 enviar el Plan Estrat\u00e9gico de la PAC a Bruselas a mediados de julio, y que sea finalmente aprobado en septiembre - UAGA","isPartOf":{"@id":"https:\/\/www.uaga.eus\/#website"},"datePublished":"2022-07-01T12:08:15+00:00","dateModified":"2022-07-01T12:08:15+00:00","author":{"@id":"https:\/\/www.uaga.eus\/#\/schema\/person\/48c3cbf0f33d1b788226dbb6518689cf"},"breadcrumb":{"@id":"https:\/\/www.uaga.eus\/eu\/el-ministerio-preve-enviar-el-plan-estrategico-de-la-pac-a-bruselas-a-mediados-de-julio-y-que-sea-finalmente-aprobado-en-septiembre\/#breadcrumb"},"inLanguage":"eu","potentialAction":[{"@type":"ReadAction","target":["https:\/\/www.uaga.eus\/eu\/el-ministerio-preve-enviar-el-plan-estrategico-de-la-pac-a-bruselas-a-mediados-de-julio-y-que-sea-finalmente-aprobado-en-septiembre\/"]}]},{"@type":"BreadcrumbList","@id":"https:\/\/www.uaga.eus\/eu\/el-ministerio-preve-enviar-el-plan-estrategico-de-la-pac-a-bruselas-a-mediados-de-julio-y-que-sea-finalmente-aprobado-en-septiembre\/#breadcrumb","itemListElement":[{"@type":"ListItem","position":1,"name":"Inicio","item":"https:\/\/www.uaga.eus\/"},{"@type":"ListItem","position":2,"name":"El Ministerio prev\u00e9 enviar el Plan Estrat\u00e9gico de la PAC a Bruselas a mediados de julio, y que sea finalmente aprobado en septiembre"}]},{"@type":"WebSite","@id":"https:\/\/www.uaga.eus\/#website","url":"https:\/\/www.uaga.eus\/","name":"UAGA","description":"Uni\u00f3n Agroganadera de \u00c1lava - Araba Nekazarien Elkartea","potentialAction":[{"@type":"SearchAction","target":{"@type":"EntryPoint","urlTemplate":"https:\/\/www.uaga.eus\/?s={search_term_string}"},"query-input":"required name=search_term_string"}],"inLanguage":"eu"},{"@type":"Person","@id":"https:\/\/www.uaga.eus\/#\/schema\/person\/48c3cbf0f33d1b788226dbb6518689cf","name":"Blanca S\u00e1nchez","image":{"@type":"ImageObject","inLanguage":"eu","@id":"https:\/\/www.uaga.eus\/#\/schema\/person\/image\/","url":"https:\/\/secure.gravatar.com\/avatar\/0dc91c20648254b1ce84877283f6751b?s=96&d=mm&r=g","contentUrl":"https:\/\/secure.gravatar.com\/avatar\/0dc91c20648254b1ce84877283f6751b?s=96&d=mm&r=g","caption":"Blanca S\u00e1nchez"},"url":"https:\/\/www.uaga.eus\/eu\/author\/bsanchez\/"}]}},"_links":{"self":[{"href":"https:\/\/www.uaga.eus\/eu\/wp-json\/wp\/v2\/posts\/10315"}],"collection":[{"href":"https:\/\/www.uaga.eus\/eu\/wp-json\/wp\/v2\/posts"}],"about":[{"href":"https:\/\/www.uaga.eus\/eu\/wp-json\/wp\/v2\/types\/post"}],"author":[{"embeddable":true,"href":"https:\/\/www.uaga.eus\/eu\/wp-json\/wp\/v2\/users\/4"}],"replies":[{"embeddable":true,"href":"https:\/\/www.uaga.eus\/eu\/wp-json\/wp\/v2\/comments?post=10315"}],"version-history":[{"count":4,"href":"https:\/\/www.uaga.eus\/eu\/wp-json\/wp\/v2\/posts\/10315\/revisions"}],"predecessor-version":[{"id":10325,"href":"https:\/\/www.uaga.eus\/eu\/wp-json\/wp\/v2\/posts\/10315\/revisions\/10325"}],"wp:featuredmedia":[{"embeddable":true,"href":"https:\/\/www.uaga.eus\/eu\/wp-json\/wp\/v2\/media\/7859"}],"wp:attachment":[{"href":"https:\/\/www.uaga.eus\/eu\/wp-json\/wp\/v2\/media?parent=10315"}],"wp:term":[{"taxonomy":"category","embeddable":true,"href":"https:\/\/www.uaga.eus\/eu\/wp-json\/wp\/v2\/categories?post=10315"},{"taxonomy":"post_tag","embeddable":true,"href":"https:\/\/www.uaga.eus\/eu\/wp-json\/wp\/v2\/tags?post=10315"}],"curies":[{"name":"wp","href":"https:\/\/api.w.org\/{rel}","templated":true}]}}