{"id":10299,"date":"2022-06-24T10:27:24","date_gmt":"2022-06-24T10:27:24","guid":{"rendered":"https:\/\/www.uaga.eus\/?p=10299"},"modified":"2022-06-24T10:27:47","modified_gmt":"2022-06-24T10:27:47","slug":"uaga-se-reune-con-las-principales-comunidades-de-regantes-de-alava-para-tratar-el-canon-del-agua","status":"publish","type":"post","link":"https:\/\/www.uaga.eus\/eu\/uaga-se-reune-con-las-principales-comunidades-de-regantes-de-alava-para-tratar-el-canon-del-agua\/","title":{"rendered":"UAGA se re\u00fane con las principales Comunidades de Regantes de \u00c1lava para tratar el Canon del Agua"},"content":{"rendered":"<p>UAGA se ha reunido recientemente con las Comunidades de Regantes que abarcan m\u00e1s superficie en el Territorio Hist\u00f3rico de \u00c1lava para poner en com\u00fan las preocupaciones de sus representantes sobre el Canon del Agua, que ha entrado en vigor este 2022.<\/p>\n<p>Tras este encuentro, UAGA considera necesario convocar a todas las Comunidades de Regantes alavesas con el objetivo de llegar a un consenso respecto a este Canon del Agua tramitado por URA.<\/p>\n<p>Por ello, <strong>desde UAGA solicitamos a las personas responsables en cada Comunidad de Regantes que se pongan en contacto con nosotros<\/strong> <strong>antes del viernes 1 de julio<\/strong>, para intentar organizar dicha reuni\u00f3n lo antes posible, y con la mayor representatividad posible.<\/p>\n<p><strong>Pueden enviar un email a <a href=\"mailto:hsaez@uaga.eus\" data-cke-saved-href=\"mailto:hsaez@uaga.eus\">hsaez@uaga.eus<\/a> o llamar al tel\u00e9fono de las oficinas de Vitoria-Gasteiz <\/strong><strong><u><a href=\"https:\/\/www.google.com\/search?q=uaga+telefono&amp;rlz=1C1GCEU_en&amp;oq=uaga+telefono&amp;aqs=chrome..69i57j35i39l2j69i65j69i60j69i65j69i60j69i61.4173j0j7&amp;sourceid=chrome&amp;ie=UTF-8\" data-cke-saved-href=\"https:\/\/www.google.com\/search?q=uaga+telefono&amp;rlz=1C1GCEU_en&amp;oq=uaga+telefono&amp;aqs=chrome..69i57j35i39l2j69i65j69i60j69i65j69i60j69i61.4173j0j7&amp;sourceid=chrome&amp;ie=UTF-8\">945 26 05 33<\/a><\/u>, y dejar su nombre completo, n\u00famero de contacto y e-mail.<\/strong><\/p>\n<p>En los pr\u00f3ximos d\u00edas, se comunicar\u00e1 en qu\u00e9 fecha y lugar, tendr\u00e1 lugar la pr\u00f3xima reuni\u00f3n con todos los representantes de las Comunidades de Regantes que deseen acudir a la cita.<\/p>\n<p>+ INFO\u00a0H\u00c9CTOR:\u00a0618 670 869<\/p>\n","protected":false},"excerpt":{"rendered":"<p>UAGA se ha reunido recientemente con las Comunidades de Regantes que abarcan m\u00e1s superficie en el Territorio Hist\u00f3rico de \u00c1lava para poner en com\u00fan las preocupaciones de sus representantes sobre el Canon del Agua, que ha entrado en vigor este 2022. Tras este encuentro, UAGA considera necesario convocar a todas las Comunidades de Regantes alavesas [&hellip;]<\/p>\n","protected":false},"author":4,"featured_media":7791,"comment_status":"closed","ping_status":"closed","sticky":false,"template":"","format":"standard","meta":{"footnotes":""},"categories":[7,11],"tags":[],"yoast_head":"<!-- This site is optimized with the Yoast SEO plugin v21.5 - https:\/\/yoast.com\/wordpress\/plugins\/seo\/ -->\n<title>UAGA se re\u00fane con las principales Comunidades de Regantes de \u00c1lava para tratar el Canon del Agua - UAGA<\/title>\n<meta name=\"robots\" content=\"index, follow, max-snippet:-1, max-image-preview:large, max-video-preview:-1\" \/>\n<link rel=\"canonical\" href=\"https:\/\/www.uaga.eus\/uaga-se-reune-con-las-principales-comunidades-de-regantes-de-alava-para-tratar-el-canon-del-agua\/\" \/>\n<meta property=\"og:locale\" content=\"en_US\" \/>\n<meta property=\"og:type\" content=\"article\" \/>\n<meta property=\"og:title\" content=\"UAGA se re\u00fane con las principales Comunidades de Regantes de \u00c1lava para tratar el Canon del Agua - UAGA\" \/>\n<meta property=\"og:description\" content=\"UAGA se ha reunido recientemente con las Comunidades de Regantes que abarcan m\u00e1s superficie en el Territorio Hist\u00f3rico de \u00c1lava para poner en com\u00fan las preocupaciones de sus representantes sobre el Canon del Agua, que ha entrado en vigor este 2022. Tras este encuentro, UAGA considera necesario convocar a todas las Comunidades de Regantes alavesas [&hellip;]\" \/>\n<meta property=\"og:url\" content=\"https:\/\/www.uaga.eus\/uaga-se-reune-con-las-principales-comunidades-de-regantes-de-alava-para-tratar-el-canon-del-agua\/\" \/>\n<meta property=\"og:site_name\" content=\"UAGA\" \/>\n<meta property=\"article:published_time\" content=\"2022-06-24T10:27:24+00:00\" \/>\n<meta property=\"article:modified_time\" content=\"2022-06-24T10:27:47+00:00\" \/>\n<meta property=\"og:image\" content=\"https:\/\/www.uaga.eus\/wp-content\/uploads\/2020\/07\/balsa-riego-valles-alaveses2-1.jpg\" \/>\n\t<meta property=\"og:image:width\" content=\"650\" \/>\n\t<meta property=\"og:image:height\" content=\"347\" \/>\n\t<meta property=\"og:image:type\" content=\"image\/jpeg\" \/>\n<meta name=\"author\" content=\"Blanca S\u00e1nchez\" \/>\n<meta name=\"twitter:card\" content=\"summary_large_image\" \/>\n<meta name=\"twitter:label1\" content=\"Written by\" \/>\n\t<meta name=\"twitter:data1\" content=\"Blanca S\u00e1nchez\" \/>\n\t<meta name=\"twitter:label2\" content=\"Est. reading time\" \/>\n\t<meta name=\"twitter:data2\" content=\"1 minutua\" \/>\n<script type=\"application\/ld+json\" class=\"yoast-schema-graph\">{\"@context\":\"https:\/\/schema.org\",\"@graph\":[{\"@type\":\"WebPage\",\"@id\":\"https:\/\/www.uaga.eus\/uaga-se-reune-con-las-principales-comunidades-de-regantes-de-alava-para-tratar-el-canon-del-agua\/\",\"url\":\"https:\/\/www.uaga.eus\/uaga-se-reune-con-las-principales-comunidades-de-regantes-de-alava-para-tratar-el-canon-del-agua\/\",\"name\":\"UAGA se re\u00fane con las principales Comunidades de Regantes de \u00c1lava para tratar el Canon del Agua - UAGA\",\"isPartOf\":{\"@id\":\"https:\/\/www.uaga.eus\/#website\"},\"datePublished\":\"2022-06-24T10:27:24+00:00\",\"dateModified\":\"2022-06-24T10:27:47+00:00\",\"author\":{\"@id\":\"https:\/\/www.uaga.eus\/#\/schema\/person\/48c3cbf0f33d1b788226dbb6518689cf\"},\"breadcrumb\":{\"@id\":\"https:\/\/www.uaga.eus\/uaga-se-reune-con-las-principales-comunidades-de-regantes-de-alava-para-tratar-el-canon-del-agua\/#breadcrumb\"},\"inLanguage\":\"eu\",\"potentialAction\":[{\"@type\":\"ReadAction\",\"target\":[\"https:\/\/www.uaga.eus\/uaga-se-reune-con-las-principales-comunidades-de-regantes-de-alava-para-tratar-el-canon-del-agua\/\"]}]},{\"@type\":\"BreadcrumbList\",\"@id\":\"https:\/\/www.uaga.eus\/uaga-se-reune-con-las-principales-comunidades-de-regantes-de-alava-para-tratar-el-canon-del-agua\/#breadcrumb\",\"itemListElement\":[{\"@type\":\"ListItem\",\"position\":1,\"name\":\"Inicio\",\"item\":\"https:\/\/www.uaga.eus\/\"},{\"@type\":\"ListItem\",\"position\":2,\"name\":\"UAGA se re\u00fane con las principales Comunidades de Regantes de \u00c1lava para tratar el Canon del Agua\"}]},{\"@type\":\"WebSite\",\"@id\":\"https:\/\/www.uaga.eus\/#website\",\"url\":\"https:\/\/www.uaga.eus\/\",\"name\":\"UAGA\",\"description\":\"Uni\u00f3n Agroganadera de \u00c1lava - Araba Nekazarien Elkartea\",\"potentialAction\":[{\"@type\":\"SearchAction\",\"target\":{\"@type\":\"EntryPoint\",\"urlTemplate\":\"https:\/\/www.uaga.eus\/?s={search_term_string}\"},\"query-input\":\"required name=search_term_string\"}],\"inLanguage\":\"eu\"},{\"@type\":\"Person\",\"@id\":\"https:\/\/www.uaga.eus\/#\/schema\/person\/48c3cbf0f33d1b788226dbb6518689cf\",\"name\":\"Blanca S\u00e1nchez\",\"image\":{\"@type\":\"ImageObject\",\"inLanguage\":\"eu\",\"@id\":\"https:\/\/www.uaga.eus\/#\/schema\/person\/image\/\",\"url\":\"https:\/\/secure.gravatar.com\/avatar\/0dc91c20648254b1ce84877283f6751b?s=96&d=mm&r=g\",\"contentUrl\":\"https:\/\/secure.gravatar.com\/avatar\/0dc91c20648254b1ce84877283f6751b?s=96&d=mm&r=g\",\"caption\":\"Blanca S\u00e1nchez\"},\"url\":\"https:\/\/www.uaga.eus\/eu\/author\/bsanchez\/\"}]}<\/script>\n<!-- \/ Yoast SEO plugin. -->","yoast_head_json":{"title":"UAGA se re\u00fane con las principales Comunidades de Regantes de \u00c1lava para tratar el Canon del Agua - UAGA","robots":{"index":"index","follow":"follow","max-snippet":"max-snippet:-1","max-image-preview":"max-image-preview:large","max-video-preview":"max-video-preview:-1"},"canonical":"https:\/\/www.uaga.eus\/uaga-se-reune-con-las-principales-comunidades-de-regantes-de-alava-para-tratar-el-canon-del-agua\/","og_locale":"en_US","og_type":"article","og_title":"UAGA se re\u00fane con las principales Comunidades de Regantes de \u00c1lava para tratar el Canon del Agua - UAGA","og_description":"UAGA se ha reunido recientemente con las Comunidades de Regantes que abarcan m\u00e1s superficie en el Territorio Hist\u00f3rico de \u00c1lava para poner en com\u00fan las preocupaciones de sus representantes sobre el Canon del Agua, que ha entrado en vigor este 2022. Tras este encuentro, UAGA considera necesario convocar a todas las Comunidades de Regantes alavesas [&hellip;]","og_url":"https:\/\/www.uaga.eus\/uaga-se-reune-con-las-principales-comunidades-de-regantes-de-alava-para-tratar-el-canon-del-agua\/","og_site_name":"UAGA","article_published_time":"2022-06-24T10:27:24+00:00","article_modified_time":"2022-06-24T10:27:47+00:00","og_image":[{"width":650,"height":347,"url":"https:\/\/www.uaga.eus\/wp-content\/uploads\/2020\/07\/balsa-riego-valles-alaveses2-1.jpg","type":"image\/jpeg"}],"author":"Blanca S\u00e1nchez","twitter_card":"summary_large_image","twitter_misc":{"Written by":"Blanca S\u00e1nchez","Est. reading time":"1 minutua"},"schema":{"@context":"https:\/\/schema.org","@graph":[{"@type":"WebPage","@id":"https:\/\/www.uaga.eus\/uaga-se-reune-con-las-principales-comunidades-de-regantes-de-alava-para-tratar-el-canon-del-agua\/","url":"https:\/\/www.uaga.eus\/uaga-se-reune-con-las-principales-comunidades-de-regantes-de-alava-para-tratar-el-canon-del-agua\/","name":"UAGA se re\u00fane con las principales Comunidades de Regantes de \u00c1lava para tratar el Canon del Agua - UAGA","isPartOf":{"@id":"https:\/\/www.uaga.eus\/#website"},"datePublished":"2022-06-24T10:27:24+00:00","dateModified":"2022-06-24T10:27:47+00:00","author":{"@id":"https:\/\/www.uaga.eus\/#\/schema\/person\/48c3cbf0f33d1b788226dbb6518689cf"},"breadcrumb":{"@id":"https:\/\/www.uaga.eus\/uaga-se-reune-con-las-principales-comunidades-de-regantes-de-alava-para-tratar-el-canon-del-agua\/#breadcrumb"},"inLanguage":"eu","potentialAction":[{"@type":"ReadAction","target":["https:\/\/www.uaga.eus\/uaga-se-reune-con-las-principales-comunidades-de-regantes-de-alava-para-tratar-el-canon-del-agua\/"]}]},{"@type":"BreadcrumbList","@id":"https:\/\/www.uaga.eus\/uaga-se-reune-con-las-principales-comunidades-de-regantes-de-alava-para-tratar-el-canon-del-agua\/#breadcrumb","itemListElement":[{"@type":"ListItem","position":1,"name":"Inicio","item":"https:\/\/www.uaga.eus\/"},{"@type":"ListItem","position":2,"name":"UAGA se re\u00fane con las principales Comunidades de Regantes de \u00c1lava para tratar el Canon del Agua"}]},{"@type":"WebSite","@id":"https:\/\/www.uaga.eus\/#website","url":"https:\/\/www.uaga.eus\/","name":"UAGA","description":"Uni\u00f3n Agroganadera de \u00c1lava - Araba Nekazarien Elkartea","potentialAction":[{"@type":"SearchAction","target":{"@type":"EntryPoint","urlTemplate":"https:\/\/www.uaga.eus\/?s={search_term_string}"},"query-input":"required name=search_term_string"}],"inLanguage":"eu"},{"@type":"Person","@id":"https:\/\/www.uaga.eus\/#\/schema\/person\/48c3cbf0f33d1b788226dbb6518689cf","name":"Blanca S\u00e1nchez","image":{"@type":"ImageObject","inLanguage":"eu","@id":"https:\/\/www.uaga.eus\/#\/schema\/person\/image\/","url":"https:\/\/secure.gravatar.com\/avatar\/0dc91c20648254b1ce84877283f6751b?s=96&d=mm&r=g","contentUrl":"https:\/\/secure.gravatar.com\/avatar\/0dc91c20648254b1ce84877283f6751b?s=96&d=mm&r=g","caption":"Blanca S\u00e1nchez"},"url":"https:\/\/www.uaga.eus\/eu\/author\/bsanchez\/"}]}},"_links":{"self":[{"href":"https:\/\/www.uaga.eus\/eu\/wp-json\/wp\/v2\/posts\/10299"}],"collection":[{"href":"https:\/\/www.uaga.eus\/eu\/wp-json\/wp\/v2\/posts"}],"about":[{"href":"https:\/\/www.uaga.eus\/eu\/wp-json\/wp\/v2\/types\/post"}],"author":[{"embeddable":true,"href":"https:\/\/www.uaga.eus\/eu\/wp-json\/wp\/v2\/users\/4"}],"replies":[{"embeddable":true,"href":"https:\/\/www.uaga.eus\/eu\/wp-json\/wp\/v2\/comments?post=10299"}],"version-history":[{"count":1,"href":"https:\/\/www.uaga.eus\/eu\/wp-json\/wp\/v2\/posts\/10299\/revisions"}],"predecessor-version":[{"id":10300,"href":"https:\/\/www.uaga.eus\/eu\/wp-json\/wp\/v2\/posts\/10299\/revisions\/10300"}],"wp:featuredmedia":[{"embeddable":true,"href":"https:\/\/www.uaga.eus\/eu\/wp-json\/wp\/v2\/media\/7791"}],"wp:attachment":[{"href":"https:\/\/www.uaga.eus\/eu\/wp-json\/wp\/v2\/media?parent=10299"}],"wp:term":[{"taxonomy":"category","embeddable":true,"href":"https:\/\/www.uaga.eus\/eu\/wp-json\/wp\/v2\/categories?post=10299"},{"taxonomy":"post_tag","embeddable":true,"href":"https:\/\/www.uaga.eus\/eu\/wp-json\/wp\/v2\/tags?post=10299"}],"curies":[{"name":"wp","href":"https:\/\/api.w.org\/{rel}","templated":true}]}}