{"id":10292,"date":"2022-06-24T10:25:05","date_gmt":"2022-06-24T10:25:05","guid":{"rendered":"https:\/\/www.uaga.eus\/?p=10292"},"modified":"2022-06-24T10:25:05","modified_gmt":"2022-06-24T10:25:05","slug":"los-productores-interesados-en-participar-en-la-feria-de-santiago-pueden-solicitar-un-puesto-hasta-el-lunes-11-de-julio","status":"publish","type":"post","link":"https:\/\/www.uaga.eus\/eu\/los-productores-interesados-en-participar-en-la-feria-de-santiago-pueden-solicitar-un-puesto-hasta-el-lunes-11-de-julio\/","title":{"rendered":"Los productores interesados en participar en la Feria de Santiago pueden solicitar un puesto hasta el lunes 11\u00a0de julio"},"content":{"rendered":"<p>La Diputaci\u00f3n Foral de \u00c1lava ha abierto la convocatoria para solicitar\u00a0los puestos de venta en la Feria Agr\u00edcola de Santiago,\u00a0que volver\u00e1 a celebrarse el 25 de julio\u00a0en el Campus Universitario de Vitoria-Gasteiz, tras dos a\u00f1os suspendida por la pandemia.<\/p>\n<p>La solicitudes de personas f\u00edsicas pueden registrarse de manera presencial o telem\u00e1tica, mientras que cuando se trate de personas jur\u00eddicas se realizar\u00e1\u00a0exclusivamente por v\u00eda telem\u00e1tica. El plazo est\u00e1 abierto hasta el pr\u00f3ximo 11 de julio.<\/p>\n<p>Puedes consultar las bases y el formulario de solicitud en este\u00a0<a href=\"https:\/\/www.araba.eus\/botha\/Boletines\/2022\/072\/2022_072_01769_C.pdf\" target=\"_blank\" rel=\"noopener\" data-cke-saved-href=\"https:\/\/www.araba.eus\/botha\/Boletines\/2022\/072\/2022_072_01769_C.pdf\">enlace<\/a>.<\/p>\n<p>+ INFO\u00a0GUSTAVO:\u00a0635 704 865<\/p>\n","protected":false},"excerpt":{"rendered":"<p>La Diputaci\u00f3n Foral de \u00c1lava ha abierto la convocatoria para solicitar\u00a0los puestos de venta en la Feria Agr\u00edcola de Santiago,\u00a0que volver\u00e1 a celebrarse el 25 de julio\u00a0en el Campus Universitario de Vitoria-Gasteiz, tras dos a\u00f1os suspendida por la pandemia. La solicitudes de personas f\u00edsicas pueden registrarse de manera presencial o telem\u00e1tica, mientras que cuando se [&hellip;]<\/p>\n","protected":false},"author":4,"featured_media":9126,"comment_status":"closed","ping_status":"closed","sticky":false,"template":"","format":"standard","meta":{"footnotes":""},"categories":[7,12,8],"tags":[],"yoast_head":"<!-- This site is optimized with the Yoast SEO plugin v21.5 - https:\/\/yoast.com\/wordpress\/plugins\/seo\/ -->\n<title>Los productores interesados en participar en la Feria de Santiago pueden solicitar un puesto hasta el lunes 11\u00a0de julio - UAGA<\/title>\n<meta name=\"robots\" content=\"index, follow, max-snippet:-1, max-image-preview:large, max-video-preview:-1\" \/>\n<link rel=\"canonical\" href=\"https:\/\/www.uaga.eus\/los-productores-interesados-en-participar-en-la-feria-de-santiago-pueden-solicitar-un-puesto-hasta-el-lunes-11-de-julio\/\" \/>\n<meta property=\"og:locale\" content=\"en_US\" \/>\n<meta property=\"og:type\" content=\"article\" \/>\n<meta property=\"og:title\" content=\"Los productores interesados en participar en la Feria de Santiago pueden solicitar un puesto hasta el lunes 11\u00a0de julio - UAGA\" \/>\n<meta property=\"og:description\" content=\"La Diputaci\u00f3n Foral de \u00c1lava ha abierto la convocatoria para solicitar\u00a0los puestos de venta en la Feria Agr\u00edcola de Santiago,\u00a0que volver\u00e1 a celebrarse el 25 de julio\u00a0en el Campus Universitario de Vitoria-Gasteiz, tras dos a\u00f1os suspendida por la pandemia. La solicitudes de personas f\u00edsicas pueden registrarse de manera presencial o telem\u00e1tica, mientras que cuando se [&hellip;]\" \/>\n<meta property=\"og:url\" content=\"https:\/\/www.uaga.eus\/los-productores-interesados-en-participar-en-la-feria-de-santiago-pueden-solicitar-un-puesto-hasta-el-lunes-11-de-julio\/\" \/>\n<meta property=\"og:site_name\" content=\"UAGA\" \/>\n<meta property=\"article:published_time\" content=\"2022-06-24T10:25:05+00:00\" \/>\n<meta property=\"og:image\" content=\"https:\/\/www.uaga.eus\/wp-content\/uploads\/2021\/07\/puesto-uagalur-feria-santiago-e1625830216483.jpg\" \/>\n\t<meta property=\"og:image:width\" content=\"698\" \/>\n\t<meta property=\"og:image:height\" content=\"418\" \/>\n\t<meta property=\"og:image:type\" content=\"image\/jpeg\" \/>\n<meta name=\"author\" content=\"Blanca S\u00e1nchez\" \/>\n<meta name=\"twitter:card\" content=\"summary_large_image\" \/>\n<meta name=\"twitter:label1\" content=\"Written by\" \/>\n\t<meta name=\"twitter:data1\" content=\"Blanca S\u00e1nchez\" \/>\n<script type=\"application\/ld+json\" class=\"yoast-schema-graph\">{\"@context\":\"https:\/\/schema.org\",\"@graph\":[{\"@type\":\"WebPage\",\"@id\":\"https:\/\/www.uaga.eus\/los-productores-interesados-en-participar-en-la-feria-de-santiago-pueden-solicitar-un-puesto-hasta-el-lunes-11-de-julio\/\",\"url\":\"https:\/\/www.uaga.eus\/los-productores-interesados-en-participar-en-la-feria-de-santiago-pueden-solicitar-un-puesto-hasta-el-lunes-11-de-julio\/\",\"name\":\"Los productores interesados en participar en la Feria de Santiago pueden solicitar un puesto hasta el lunes 11\u00a0de julio - UAGA\",\"isPartOf\":{\"@id\":\"https:\/\/www.uaga.eus\/#website\"},\"datePublished\":\"2022-06-24T10:25:05+00:00\",\"dateModified\":\"2022-06-24T10:25:05+00:00\",\"author\":{\"@id\":\"https:\/\/www.uaga.eus\/#\/schema\/person\/48c3cbf0f33d1b788226dbb6518689cf\"},\"breadcrumb\":{\"@id\":\"https:\/\/www.uaga.eus\/los-productores-interesados-en-participar-en-la-feria-de-santiago-pueden-solicitar-un-puesto-hasta-el-lunes-11-de-julio\/#breadcrumb\"},\"inLanguage\":\"eu\",\"potentialAction\":[{\"@type\":\"ReadAction\",\"target\":[\"https:\/\/www.uaga.eus\/los-productores-interesados-en-participar-en-la-feria-de-santiago-pueden-solicitar-un-puesto-hasta-el-lunes-11-de-julio\/\"]}]},{\"@type\":\"BreadcrumbList\",\"@id\":\"https:\/\/www.uaga.eus\/los-productores-interesados-en-participar-en-la-feria-de-santiago-pueden-solicitar-un-puesto-hasta-el-lunes-11-de-julio\/#breadcrumb\",\"itemListElement\":[{\"@type\":\"ListItem\",\"position\":1,\"name\":\"Inicio\",\"item\":\"https:\/\/www.uaga.eus\/\"},{\"@type\":\"ListItem\",\"position\":2,\"name\":\"Los productores interesados en participar en la Feria de Santiago pueden solicitar un puesto hasta el lunes 11\u00a0de julio\"}]},{\"@type\":\"WebSite\",\"@id\":\"https:\/\/www.uaga.eus\/#website\",\"url\":\"https:\/\/www.uaga.eus\/\",\"name\":\"UAGA\",\"description\":\"Uni\u00f3n Agroganadera de \u00c1lava - Araba Nekazarien Elkartea\",\"potentialAction\":[{\"@type\":\"SearchAction\",\"target\":{\"@type\":\"EntryPoint\",\"urlTemplate\":\"https:\/\/www.uaga.eus\/?s={search_term_string}\"},\"query-input\":\"required name=search_term_string\"}],\"inLanguage\":\"eu\"},{\"@type\":\"Person\",\"@id\":\"https:\/\/www.uaga.eus\/#\/schema\/person\/48c3cbf0f33d1b788226dbb6518689cf\",\"name\":\"Blanca S\u00e1nchez\",\"image\":{\"@type\":\"ImageObject\",\"inLanguage\":\"eu\",\"@id\":\"https:\/\/www.uaga.eus\/#\/schema\/person\/image\/\",\"url\":\"https:\/\/secure.gravatar.com\/avatar\/0dc91c20648254b1ce84877283f6751b?s=96&d=mm&r=g\",\"contentUrl\":\"https:\/\/secure.gravatar.com\/avatar\/0dc91c20648254b1ce84877283f6751b?s=96&d=mm&r=g\",\"caption\":\"Blanca S\u00e1nchez\"},\"url\":\"https:\/\/www.uaga.eus\/eu\/author\/bsanchez\/\"}]}<\/script>\n<!-- \/ Yoast SEO plugin. -->","yoast_head_json":{"title":"Los productores interesados en participar en la Feria de Santiago pueden solicitar un puesto hasta el lunes 11\u00a0de julio - UAGA","robots":{"index":"index","follow":"follow","max-snippet":"max-snippet:-1","max-image-preview":"max-image-preview:large","max-video-preview":"max-video-preview:-1"},"canonical":"https:\/\/www.uaga.eus\/los-productores-interesados-en-participar-en-la-feria-de-santiago-pueden-solicitar-un-puesto-hasta-el-lunes-11-de-julio\/","og_locale":"en_US","og_type":"article","og_title":"Los productores interesados en participar en la Feria de Santiago pueden solicitar un puesto hasta el lunes 11\u00a0de julio - UAGA","og_description":"La Diputaci\u00f3n Foral de \u00c1lava ha abierto la convocatoria para solicitar\u00a0los puestos de venta en la Feria Agr\u00edcola de Santiago,\u00a0que volver\u00e1 a celebrarse el 25 de julio\u00a0en el Campus Universitario de Vitoria-Gasteiz, tras dos a\u00f1os suspendida por la pandemia. La solicitudes de personas f\u00edsicas pueden registrarse de manera presencial o telem\u00e1tica, mientras que cuando se [&hellip;]","og_url":"https:\/\/www.uaga.eus\/los-productores-interesados-en-participar-en-la-feria-de-santiago-pueden-solicitar-un-puesto-hasta-el-lunes-11-de-julio\/","og_site_name":"UAGA","article_published_time":"2022-06-24T10:25:05+00:00","og_image":[{"width":698,"height":418,"url":"https:\/\/www.uaga.eus\/wp-content\/uploads\/2021\/07\/puesto-uagalur-feria-santiago-e1625830216483.jpg","type":"image\/jpeg"}],"author":"Blanca S\u00e1nchez","twitter_card":"summary_large_image","twitter_misc":{"Written by":"Blanca S\u00e1nchez"},"schema":{"@context":"https:\/\/schema.org","@graph":[{"@type":"WebPage","@id":"https:\/\/www.uaga.eus\/los-productores-interesados-en-participar-en-la-feria-de-santiago-pueden-solicitar-un-puesto-hasta-el-lunes-11-de-julio\/","url":"https:\/\/www.uaga.eus\/los-productores-interesados-en-participar-en-la-feria-de-santiago-pueden-solicitar-un-puesto-hasta-el-lunes-11-de-julio\/","name":"Los productores interesados en participar en la Feria de Santiago pueden solicitar un puesto hasta el lunes 11\u00a0de julio - UAGA","isPartOf":{"@id":"https:\/\/www.uaga.eus\/#website"},"datePublished":"2022-06-24T10:25:05+00:00","dateModified":"2022-06-24T10:25:05+00:00","author":{"@id":"https:\/\/www.uaga.eus\/#\/schema\/person\/48c3cbf0f33d1b788226dbb6518689cf"},"breadcrumb":{"@id":"https:\/\/www.uaga.eus\/los-productores-interesados-en-participar-en-la-feria-de-santiago-pueden-solicitar-un-puesto-hasta-el-lunes-11-de-julio\/#breadcrumb"},"inLanguage":"eu","potentialAction":[{"@type":"ReadAction","target":["https:\/\/www.uaga.eus\/los-productores-interesados-en-participar-en-la-feria-de-santiago-pueden-solicitar-un-puesto-hasta-el-lunes-11-de-julio\/"]}]},{"@type":"BreadcrumbList","@id":"https:\/\/www.uaga.eus\/los-productores-interesados-en-participar-en-la-feria-de-santiago-pueden-solicitar-un-puesto-hasta-el-lunes-11-de-julio\/#breadcrumb","itemListElement":[{"@type":"ListItem","position":1,"name":"Inicio","item":"https:\/\/www.uaga.eus\/"},{"@type":"ListItem","position":2,"name":"Los productores interesados en participar en la Feria de Santiago pueden solicitar un puesto hasta el lunes 11\u00a0de julio"}]},{"@type":"WebSite","@id":"https:\/\/www.uaga.eus\/#website","url":"https:\/\/www.uaga.eus\/","name":"UAGA","description":"Uni\u00f3n Agroganadera de \u00c1lava - Araba Nekazarien Elkartea","potentialAction":[{"@type":"SearchAction","target":{"@type":"EntryPoint","urlTemplate":"https:\/\/www.uaga.eus\/?s={search_term_string}"},"query-input":"required name=search_term_string"}],"inLanguage":"eu"},{"@type":"Person","@id":"https:\/\/www.uaga.eus\/#\/schema\/person\/48c3cbf0f33d1b788226dbb6518689cf","name":"Blanca S\u00e1nchez","image":{"@type":"ImageObject","inLanguage":"eu","@id":"https:\/\/www.uaga.eus\/#\/schema\/person\/image\/","url":"https:\/\/secure.gravatar.com\/avatar\/0dc91c20648254b1ce84877283f6751b?s=96&d=mm&r=g","contentUrl":"https:\/\/secure.gravatar.com\/avatar\/0dc91c20648254b1ce84877283f6751b?s=96&d=mm&r=g","caption":"Blanca S\u00e1nchez"},"url":"https:\/\/www.uaga.eus\/eu\/author\/bsanchez\/"}]}},"_links":{"self":[{"href":"https:\/\/www.uaga.eus\/eu\/wp-json\/wp\/v2\/posts\/10292"}],"collection":[{"href":"https:\/\/www.uaga.eus\/eu\/wp-json\/wp\/v2\/posts"}],"about":[{"href":"https:\/\/www.uaga.eus\/eu\/wp-json\/wp\/v2\/types\/post"}],"author":[{"embeddable":true,"href":"https:\/\/www.uaga.eus\/eu\/wp-json\/wp\/v2\/users\/4"}],"replies":[{"embeddable":true,"href":"https:\/\/www.uaga.eus\/eu\/wp-json\/wp\/v2\/comments?post=10292"}],"version-history":[{"count":1,"href":"https:\/\/www.uaga.eus\/eu\/wp-json\/wp\/v2\/posts\/10292\/revisions"}],"predecessor-version":[{"id":10293,"href":"https:\/\/www.uaga.eus\/eu\/wp-json\/wp\/v2\/posts\/10292\/revisions\/10293"}],"wp:featuredmedia":[{"embeddable":true,"href":"https:\/\/www.uaga.eus\/eu\/wp-json\/wp\/v2\/media\/9126"}],"wp:attachment":[{"href":"https:\/\/www.uaga.eus\/eu\/wp-json\/wp\/v2\/media?parent=10292"}],"wp:term":[{"taxonomy":"category","embeddable":true,"href":"https:\/\/www.uaga.eus\/eu\/wp-json\/wp\/v2\/categories?post=10292"},{"taxonomy":"post_tag","embeddable":true,"href":"https:\/\/www.uaga.eus\/eu\/wp-json\/wp\/v2\/tags?post=10292"}],"curies":[{"name":"wp","href":"https:\/\/api.w.org\/{rel}","templated":true}]}}