{"id":10249,"date":"2022-06-10T11:01:09","date_gmt":"2022-06-10T11:01:09","guid":{"rendered":"https:\/\/www.uaga.eus\/?p=10249"},"modified":"2022-06-10T11:01:09","modified_gmt":"2022-06-10T11:01:09","slug":"15-de-junio-jornada-sobre-seguridad-de-tractores-en-rioja-alavesa","status":"publish","type":"post","link":"https:\/\/www.uaga.eus\/eu\/15-de-junio-jornada-sobre-seguridad-de-tractores-en-rioja-alavesa\/","title":{"rendered":"15 de Junio, Jornada sobre seguridad de tractores en Rioja Alavesa"},"content":{"rendered":"<p>El vuelco de tractor es el principal agente material asociado al accidente en jornada laboral en las actividades agrarias y ganaderas. Por eso Hazi, junto a OSALAN, Instituto Vasco de Seguridad y Salud laborales ha organizado una <strong>jornada presencial dentro de la campa\u00f1a<\/strong>, <strong>TU VIDA, SIN VUELCOS<\/strong><\/p>\n<p>En esta jornada se tratar\u00e1n los conceptos de estabilidad de los tractores, las causas que pueden provocar el vuelco, las medidas preventivas para evitarlo y las medidas de protecci\u00f3n existentes, incluyendo los procedimientos para su instalaci\u00f3n, en caso necesario.<\/p>\n<p>Los objetivos de la campa\u00f1a son fomentar el uso seguro del tractor y el aumento del n\u00famero de tractores provistos de estructura de protecci\u00f3n en caso de vuelco (ROPS), a trav\u00e9s del conocimiento y la concienciaci\u00f3n respecto al riesgo de vuelco y a los posibles da\u00f1os ocasionados por este tipo de incidentes.<\/p>\n<p><strong>Tambi\u00e9n se aprender\u00e1 a manejar\u00a0 un <u><a href=\"https:\/\/eur02.safelinks.protection.outlook.com\/?url=https%3A%2F%2Fwww.insst.es%2Fdocuments%2F94886%2F645325%2FSimulador%2Bde%2Bconducci%25C3%25B3n%2Bsegura%2Bde%2Btractor%2B-%2BA%25C3%25B1o%2B2019.zip%2Fc9205700-0712-4a08-bfc2-78bed7ec6ac4%3Ft%3D1583669332399&amp;data=04%7C01%7Ceuskadi%40preben.eus%7C07f281770203421667a108da17e1b222%7C6219f1193e794e7facdea5750808cd9b%7C0%7C0%7C637848555365634549%7CUnknown%7CTWFpbGZsb3d8eyJWIjoiMC4wLjAwMDAiLCJQIjoiV2luMzIiLCJBTiI6Ik1haWwiLCJXVCI6Mn0%3D%7C3000&amp;sdata=f5hXIncxErfRAmZAY10qq7W8syA0UamrG2KX6I%2F7448%3D&amp;reserved=0\" data-cke-saved-href=\"https:\/\/eur02.safelinks.protection.outlook.com\/?url=https%3A%2F%2Fwww.insst.es%2Fdocuments%2F94886%2F645325%2FSimulador%2Bde%2Bconducci%25C3%25B3n%2Bsegura%2Bde%2Btractor%2B-%2BA%25C3%25B1o%2B2019.zip%2Fc9205700-0712-4a08-bfc2-78bed7ec6ac4%3Ft%3D1583669332399&amp;data=04%7C01%7Ceuskadi%40preben.eus%7C07f281770203421667a108da17e1b222%7C6219f1193e794e7facdea5750808cd9b%7C0%7C0%7C637848555365634549%7CUnknown%7CTWFpbGZsb3d8eyJWIjoiMC4wLjAwMDAiLCJQIjoiV2luMzIiLCJBTiI6Ik1haWwiLCJXVCI6Mn0%3D%7C3000&amp;sdata=f5hXIncxErfRAmZAY10qq7W8syA0UamrG2KX6I%2F7448%3D&amp;reserved=0\">Simulador de conducci\u00f3n segura de tractor<\/a><\/u>, que permitir\u00e1 recrear situaciones de riesgo que se presentan en el d\u00eda a d\u00eda.<\/strong><\/p>\n<p>Esta jornada se impartir\u00e1 el mi\u00e9rcoles<strong> 15 de junio, de 10:30 a 12:30h en La Cuadrilla de Rioja Alavesa, en Laguardia.<\/strong><\/p>\n<p>Puedes inscribirte <u><a href=\"https:\/\/fpe.hazi.eus\/Fpe_prema\/prematriculacion.asp?param=709831374&amp;idioma=0\" data-cke-saved-href=\"https:\/\/fpe.hazi.eus\/Fpe_prema\/prematriculacion.asp?param=709831374&amp;idioma=0\">aqu\u00ed.<\/a><\/u><\/p>\n<p>Tienes m\u00e1s informaci\u00f3n en el siguiente <u><a href=\"https:\/\/www.preben.eus\/tractores\/\" data-cke-saved-href=\"https:\/\/www.preben.eus\/tractores\/\">enlace<\/a>.<\/u><\/p>\n<p>+INFO H\u00c9CTOR:\u00a0618 670 869<\/p>\n","protected":false},"excerpt":{"rendered":"<p>El vuelco de tractor es el principal agente material asociado al accidente en jornada laboral en las actividades agrarias y ganaderas. Por eso Hazi, junto a OSALAN, Instituto Vasco de Seguridad y Salud laborales ha organizado una jornada presencial dentro de la campa\u00f1a, TU VIDA, SIN VUELCOS En esta jornada se tratar\u00e1n los conceptos de [&hellip;]<\/p>\n","protected":false},"author":4,"featured_media":7081,"comment_status":"closed","ping_status":"closed","sticky":false,"template":"","format":"standard","meta":{"footnotes":""},"categories":[7,66],"tags":[],"yoast_head":"<!-- This site is optimized with the Yoast SEO plugin v21.5 - https:\/\/yoast.com\/wordpress\/plugins\/seo\/ -->\n<title>15 de Junio, Jornada sobre seguridad de tractores en Rioja Alavesa - UAGA<\/title>\n<meta name=\"robots\" content=\"index, follow, max-snippet:-1, max-image-preview:large, max-video-preview:-1\" \/>\n<link rel=\"canonical\" href=\"https:\/\/www.uaga.eus\/15-de-junio-jornada-sobre-seguridad-de-tractores-en-rioja-alavesa\/\" \/>\n<meta property=\"og:locale\" content=\"en_US\" \/>\n<meta property=\"og:type\" content=\"article\" \/>\n<meta property=\"og:title\" content=\"15 de Junio, Jornada sobre seguridad de tractores en Rioja Alavesa - UAGA\" \/>\n<meta property=\"og:description\" content=\"El vuelco de tractor es el principal agente material asociado al accidente en jornada laboral en las actividades agrarias y ganaderas. Por eso Hazi, junto a OSALAN, Instituto Vasco de Seguridad y Salud laborales ha organizado una jornada presencial dentro de la campa\u00f1a, TU VIDA, SIN VUELCOS En esta jornada se tratar\u00e1n los conceptos de [&hellip;]\" \/>\n<meta property=\"og:url\" content=\"https:\/\/www.uaga.eus\/15-de-junio-jornada-sobre-seguridad-de-tractores-en-rioja-alavesa\/\" \/>\n<meta property=\"og:site_name\" content=\"UAGA\" \/>\n<meta property=\"article:published_time\" content=\"2022-06-10T11:01:09+00:00\" \/>\n<meta property=\"og:image\" content=\"https:\/\/www.uaga.eus\/wp-content\/uploads\/2020\/03\/tractor-carretera-web.jpg\" \/>\n\t<meta property=\"og:image:width\" content=\"650\" \/>\n\t<meta property=\"og:image:height\" content=\"366\" \/>\n\t<meta property=\"og:image:type\" content=\"image\/jpeg\" \/>\n<meta name=\"author\" content=\"Blanca S\u00e1nchez\" \/>\n<meta name=\"twitter:card\" content=\"summary_large_image\" \/>\n<meta name=\"twitter:label1\" content=\"Written by\" \/>\n\t<meta name=\"twitter:data1\" content=\"Blanca S\u00e1nchez\" \/>\n\t<meta name=\"twitter:label2\" content=\"Est. reading time\" \/>\n\t<meta name=\"twitter:data2\" content=\"1 minutua\" \/>\n<script type=\"application\/ld+json\" class=\"yoast-schema-graph\">{\"@context\":\"https:\/\/schema.org\",\"@graph\":[{\"@type\":\"WebPage\",\"@id\":\"https:\/\/www.uaga.eus\/15-de-junio-jornada-sobre-seguridad-de-tractores-en-rioja-alavesa\/\",\"url\":\"https:\/\/www.uaga.eus\/15-de-junio-jornada-sobre-seguridad-de-tractores-en-rioja-alavesa\/\",\"name\":\"15 de Junio, Jornada sobre seguridad de tractores en Rioja Alavesa - UAGA\",\"isPartOf\":{\"@id\":\"https:\/\/www.uaga.eus\/#website\"},\"datePublished\":\"2022-06-10T11:01:09+00:00\",\"dateModified\":\"2022-06-10T11:01:09+00:00\",\"author\":{\"@id\":\"https:\/\/www.uaga.eus\/#\/schema\/person\/48c3cbf0f33d1b788226dbb6518689cf\"},\"breadcrumb\":{\"@id\":\"https:\/\/www.uaga.eus\/15-de-junio-jornada-sobre-seguridad-de-tractores-en-rioja-alavesa\/#breadcrumb\"},\"inLanguage\":\"eu\",\"potentialAction\":[{\"@type\":\"ReadAction\",\"target\":[\"https:\/\/www.uaga.eus\/15-de-junio-jornada-sobre-seguridad-de-tractores-en-rioja-alavesa\/\"]}]},{\"@type\":\"BreadcrumbList\",\"@id\":\"https:\/\/www.uaga.eus\/15-de-junio-jornada-sobre-seguridad-de-tractores-en-rioja-alavesa\/#breadcrumb\",\"itemListElement\":[{\"@type\":\"ListItem\",\"position\":1,\"name\":\"Inicio\",\"item\":\"https:\/\/www.uaga.eus\/\"},{\"@type\":\"ListItem\",\"position\":2,\"name\":\"15 de Junio, Jornada sobre seguridad de tractores en Rioja Alavesa\"}]},{\"@type\":\"WebSite\",\"@id\":\"https:\/\/www.uaga.eus\/#website\",\"url\":\"https:\/\/www.uaga.eus\/\",\"name\":\"UAGA\",\"description\":\"Uni\u00f3n Agroganadera de \u00c1lava - Araba Nekazarien Elkartea\",\"potentialAction\":[{\"@type\":\"SearchAction\",\"target\":{\"@type\":\"EntryPoint\",\"urlTemplate\":\"https:\/\/www.uaga.eus\/?s={search_term_string}\"},\"query-input\":\"required name=search_term_string\"}],\"inLanguage\":\"eu\"},{\"@type\":\"Person\",\"@id\":\"https:\/\/www.uaga.eus\/#\/schema\/person\/48c3cbf0f33d1b788226dbb6518689cf\",\"name\":\"Blanca S\u00e1nchez\",\"image\":{\"@type\":\"ImageObject\",\"inLanguage\":\"eu\",\"@id\":\"https:\/\/www.uaga.eus\/#\/schema\/person\/image\/\",\"url\":\"https:\/\/secure.gravatar.com\/avatar\/0dc91c20648254b1ce84877283f6751b?s=96&d=mm&r=g\",\"contentUrl\":\"https:\/\/secure.gravatar.com\/avatar\/0dc91c20648254b1ce84877283f6751b?s=96&d=mm&r=g\",\"caption\":\"Blanca S\u00e1nchez\"},\"url\":\"https:\/\/www.uaga.eus\/eu\/author\/bsanchez\/\"}]}<\/script>\n<!-- \/ Yoast SEO plugin. -->","yoast_head_json":{"title":"15 de Junio, Jornada sobre seguridad de tractores en Rioja Alavesa - UAGA","robots":{"index":"index","follow":"follow","max-snippet":"max-snippet:-1","max-image-preview":"max-image-preview:large","max-video-preview":"max-video-preview:-1"},"canonical":"https:\/\/www.uaga.eus\/15-de-junio-jornada-sobre-seguridad-de-tractores-en-rioja-alavesa\/","og_locale":"en_US","og_type":"article","og_title":"15 de Junio, Jornada sobre seguridad de tractores en Rioja Alavesa - UAGA","og_description":"El vuelco de tractor es el principal agente material asociado al accidente en jornada laboral en las actividades agrarias y ganaderas. Por eso Hazi, junto a OSALAN, Instituto Vasco de Seguridad y Salud laborales ha organizado una jornada presencial dentro de la campa\u00f1a, TU VIDA, SIN VUELCOS En esta jornada se tratar\u00e1n los conceptos de [&hellip;]","og_url":"https:\/\/www.uaga.eus\/15-de-junio-jornada-sobre-seguridad-de-tractores-en-rioja-alavesa\/","og_site_name":"UAGA","article_published_time":"2022-06-10T11:01:09+00:00","og_image":[{"width":650,"height":366,"url":"https:\/\/www.uaga.eus\/wp-content\/uploads\/2020\/03\/tractor-carretera-web.jpg","type":"image\/jpeg"}],"author":"Blanca S\u00e1nchez","twitter_card":"summary_large_image","twitter_misc":{"Written by":"Blanca S\u00e1nchez","Est. reading time":"1 minutua"},"schema":{"@context":"https:\/\/schema.org","@graph":[{"@type":"WebPage","@id":"https:\/\/www.uaga.eus\/15-de-junio-jornada-sobre-seguridad-de-tractores-en-rioja-alavesa\/","url":"https:\/\/www.uaga.eus\/15-de-junio-jornada-sobre-seguridad-de-tractores-en-rioja-alavesa\/","name":"15 de Junio, Jornada sobre seguridad de tractores en Rioja Alavesa - UAGA","isPartOf":{"@id":"https:\/\/www.uaga.eus\/#website"},"datePublished":"2022-06-10T11:01:09+00:00","dateModified":"2022-06-10T11:01:09+00:00","author":{"@id":"https:\/\/www.uaga.eus\/#\/schema\/person\/48c3cbf0f33d1b788226dbb6518689cf"},"breadcrumb":{"@id":"https:\/\/www.uaga.eus\/15-de-junio-jornada-sobre-seguridad-de-tractores-en-rioja-alavesa\/#breadcrumb"},"inLanguage":"eu","potentialAction":[{"@type":"ReadAction","target":["https:\/\/www.uaga.eus\/15-de-junio-jornada-sobre-seguridad-de-tractores-en-rioja-alavesa\/"]}]},{"@type":"BreadcrumbList","@id":"https:\/\/www.uaga.eus\/15-de-junio-jornada-sobre-seguridad-de-tractores-en-rioja-alavesa\/#breadcrumb","itemListElement":[{"@type":"ListItem","position":1,"name":"Inicio","item":"https:\/\/www.uaga.eus\/"},{"@type":"ListItem","position":2,"name":"15 de Junio, Jornada sobre seguridad de tractores en Rioja Alavesa"}]},{"@type":"WebSite","@id":"https:\/\/www.uaga.eus\/#website","url":"https:\/\/www.uaga.eus\/","name":"UAGA","description":"Uni\u00f3n Agroganadera de \u00c1lava - Araba Nekazarien Elkartea","potentialAction":[{"@type":"SearchAction","target":{"@type":"EntryPoint","urlTemplate":"https:\/\/www.uaga.eus\/?s={search_term_string}"},"query-input":"required name=search_term_string"}],"inLanguage":"eu"},{"@type":"Person","@id":"https:\/\/www.uaga.eus\/#\/schema\/person\/48c3cbf0f33d1b788226dbb6518689cf","name":"Blanca S\u00e1nchez","image":{"@type":"ImageObject","inLanguage":"eu","@id":"https:\/\/www.uaga.eus\/#\/schema\/person\/image\/","url":"https:\/\/secure.gravatar.com\/avatar\/0dc91c20648254b1ce84877283f6751b?s=96&d=mm&r=g","contentUrl":"https:\/\/secure.gravatar.com\/avatar\/0dc91c20648254b1ce84877283f6751b?s=96&d=mm&r=g","caption":"Blanca S\u00e1nchez"},"url":"https:\/\/www.uaga.eus\/eu\/author\/bsanchez\/"}]}},"_links":{"self":[{"href":"https:\/\/www.uaga.eus\/eu\/wp-json\/wp\/v2\/posts\/10249"}],"collection":[{"href":"https:\/\/www.uaga.eus\/eu\/wp-json\/wp\/v2\/posts"}],"about":[{"href":"https:\/\/www.uaga.eus\/eu\/wp-json\/wp\/v2\/types\/post"}],"author":[{"embeddable":true,"href":"https:\/\/www.uaga.eus\/eu\/wp-json\/wp\/v2\/users\/4"}],"replies":[{"embeddable":true,"href":"https:\/\/www.uaga.eus\/eu\/wp-json\/wp\/v2\/comments?post=10249"}],"version-history":[{"count":1,"href":"https:\/\/www.uaga.eus\/eu\/wp-json\/wp\/v2\/posts\/10249\/revisions"}],"predecessor-version":[{"id":10250,"href":"https:\/\/www.uaga.eus\/eu\/wp-json\/wp\/v2\/posts\/10249\/revisions\/10250"}],"wp:featuredmedia":[{"embeddable":true,"href":"https:\/\/www.uaga.eus\/eu\/wp-json\/wp\/v2\/media\/7081"}],"wp:attachment":[{"href":"https:\/\/www.uaga.eus\/eu\/wp-json\/wp\/v2\/media?parent=10249"}],"wp:term":[{"taxonomy":"category","embeddable":true,"href":"https:\/\/www.uaga.eus\/eu\/wp-json\/wp\/v2\/categories?post=10249"},{"taxonomy":"post_tag","embeddable":true,"href":"https:\/\/www.uaga.eus\/eu\/wp-json\/wp\/v2\/tags?post=10249"}],"curies":[{"name":"wp","href":"https:\/\/api.w.org\/{rel}","templated":true}]}}