{"id":10247,"date":"2022-06-10T10:58:23","date_gmt":"2022-06-10T10:58:23","guid":{"rendered":"https:\/\/www.uaga.eus\/?p=10247"},"modified":"2022-06-10T10:58:23","modified_gmt":"2022-06-10T10:58:23","slug":"15-de-junio-visita-a-los-ensayos-de-cereal-de-neiker","status":"publish","type":"post","link":"https:\/\/www.uaga.eus\/eu\/15-de-junio-visita-a-los-ensayos-de-cereal-de-neiker\/","title":{"rendered":"15 de junio, visita a los ensayos de cereal de Neiker"},"content":{"rendered":"<p>Neiker ha organizado, para el pr\u00f3ximo 15 de junio, una Jornada de campo para visitar\u00a0en las fincas experimentales de Arkaute y Gauna los ensayos de evaluaci\u00f3n de variedades que se est\u00e1n realizando esta campa\u00f1a.<\/p>\n<p>En la finca experimental de Arkaute se podr\u00e1n ver aquellas variedades ensayadas dentro de la red GENVCE de cebadas de primavera, adem\u00e1s de los ensayos con otras variedades de cebadas y avenas realizados por la cooperativa GARLAN.<\/p>\n<p>En la finca experimental de Gauna se mostrar\u00e1n aquellas variedades ensayadas dentro de la red GENVCE de trigos blandos de oto\u00f1o, cebadas de oto\u00f1o y avenas y se podr\u00e1n ver tambi\u00e9n los ensayos de \u201cvalor agron\u00f3mico\u201d de trigo blando de oto\u00f1o, cebadas de primavera y avenas.<\/p>\n<p>Por otro lado, se visitar\u00e1 un ensayo de variedades de trigos \u201cde fuerza\u201d bajo nuestras condiciones y con un abonado dirigido al aumento del contenido en prote\u00edna de las variedades.<\/p>\n<p>Puedes ver <a href=\"https:\/\/neiker.eus\/es\/eventos\/agenda-jornada-de-campo-visita-a-los-ensayos-de-evaluacion-de-variedades-de-cereal-2021-2022\/\" target=\"_blank\" rel=\"noopener\" data-cke-saved-href=\"https:\/\/neiker.eus\/es\/eventos\/agenda-jornada-de-campo-visita-a-los-ensayos-de-evaluacion-de-variedades-de-cereal-2021-2022\/\">aqu\u00ed <\/a>el programa e\u00a0 inscribirte a la jornada en este <a href=\"https:\/\/docs.google.com\/forms\/d\/e\/1FAIpQLSefdA42JLpbAmDwEfMReTwNyPWvFUXtnJsYjp-RdGngXbvHjA\/viewform\" target=\"_blank\" rel=\"noopener\" data-cke-saved-href=\"https:\/\/docs.google.com\/forms\/d\/e\/1FAIpQLSefdA42JLpbAmDwEfMReTwNyPWvFUXtnJsYjp-RdGngXbvHjA\/viewform\">enlace<\/a>.<\/p>\n<hr \/>\n<p><br data-cke-eol=\"1\" \/><\/p>\n","protected":false},"excerpt":{"rendered":"<p>Neiker ha organizado, para el pr\u00f3ximo 15 de junio, una Jornada de campo para visitar\u00a0en las fincas experimentales de Arkaute y Gauna los ensayos de evaluaci\u00f3n de variedades que se est\u00e1n realizando esta campa\u00f1a. En la finca experimental de Arkaute se podr\u00e1n ver aquellas variedades ensayadas dentro de la red GENVCE de cebadas de primavera, [&hellip;]<\/p>\n","protected":false},"author":4,"featured_media":7897,"comment_status":"closed","ping_status":"closed","sticky":false,"template":"","format":"standard","meta":{"footnotes":""},"categories":[7,66],"tags":[],"yoast_head":"<!-- This site is optimized with the Yoast SEO plugin v21.5 - https:\/\/yoast.com\/wordpress\/plugins\/seo\/ -->\n<title>15 de junio, visita a los ensayos de cereal de Neiker - UAGA<\/title>\n<meta name=\"robots\" content=\"index, follow, max-snippet:-1, max-image-preview:large, max-video-preview:-1\" \/>\n<link rel=\"canonical\" href=\"https:\/\/www.uaga.eus\/15-de-junio-visita-a-los-ensayos-de-cereal-de-neiker\/\" \/>\n<meta property=\"og:locale\" content=\"en_US\" \/>\n<meta property=\"og:type\" content=\"article\" \/>\n<meta property=\"og:title\" content=\"15 de junio, visita a los ensayos de cereal de Neiker - UAGA\" \/>\n<meta property=\"og:description\" content=\"Neiker ha organizado, para el pr\u00f3ximo 15 de junio, una Jornada de campo para visitar\u00a0en las fincas experimentales de Arkaute y Gauna los ensayos de evaluaci\u00f3n de variedades que se est\u00e1n realizando esta campa\u00f1a. En la finca experimental de Arkaute se podr\u00e1n ver aquellas variedades ensayadas dentro de la red GENVCE de cebadas de primavera, [&hellip;]\" \/>\n<meta property=\"og:url\" content=\"https:\/\/www.uaga.eus\/15-de-junio-visita-a-los-ensayos-de-cereal-de-neiker\/\" \/>\n<meta property=\"og:site_name\" content=\"UAGA\" \/>\n<meta property=\"article:published_time\" content=\"2022-06-10T10:58:23+00:00\" \/>\n<meta property=\"og:image\" content=\"https:\/\/www.uaga.eus\/wp-content\/uploads\/2020\/07\/trigo.jpg\" \/>\n\t<meta property=\"og:image:width\" content=\"650\" \/>\n\t<meta property=\"og:image:height\" content=\"366\" \/>\n\t<meta property=\"og:image:type\" content=\"image\/jpeg\" \/>\n<meta name=\"author\" content=\"Blanca S\u00e1nchez\" \/>\n<meta name=\"twitter:card\" content=\"summary_large_image\" \/>\n<meta name=\"twitter:label1\" content=\"Written by\" \/>\n\t<meta name=\"twitter:data1\" content=\"Blanca S\u00e1nchez\" \/>\n\t<meta name=\"twitter:label2\" content=\"Est. reading time\" \/>\n\t<meta name=\"twitter:data2\" content=\"1 minutua\" \/>\n<script type=\"application\/ld+json\" class=\"yoast-schema-graph\">{\"@context\":\"https:\/\/schema.org\",\"@graph\":[{\"@type\":\"WebPage\",\"@id\":\"https:\/\/www.uaga.eus\/15-de-junio-visita-a-los-ensayos-de-cereal-de-neiker\/\",\"url\":\"https:\/\/www.uaga.eus\/15-de-junio-visita-a-los-ensayos-de-cereal-de-neiker\/\",\"name\":\"15 de junio, visita a los ensayos de cereal de Neiker - UAGA\",\"isPartOf\":{\"@id\":\"https:\/\/www.uaga.eus\/#website\"},\"datePublished\":\"2022-06-10T10:58:23+00:00\",\"dateModified\":\"2022-06-10T10:58:23+00:00\",\"author\":{\"@id\":\"https:\/\/www.uaga.eus\/#\/schema\/person\/48c3cbf0f33d1b788226dbb6518689cf\"},\"breadcrumb\":{\"@id\":\"https:\/\/www.uaga.eus\/15-de-junio-visita-a-los-ensayos-de-cereal-de-neiker\/#breadcrumb\"},\"inLanguage\":\"eu\",\"potentialAction\":[{\"@type\":\"ReadAction\",\"target\":[\"https:\/\/www.uaga.eus\/15-de-junio-visita-a-los-ensayos-de-cereal-de-neiker\/\"]}]},{\"@type\":\"BreadcrumbList\",\"@id\":\"https:\/\/www.uaga.eus\/15-de-junio-visita-a-los-ensayos-de-cereal-de-neiker\/#breadcrumb\",\"itemListElement\":[{\"@type\":\"ListItem\",\"position\":1,\"name\":\"Inicio\",\"item\":\"https:\/\/www.uaga.eus\/\"},{\"@type\":\"ListItem\",\"position\":2,\"name\":\"15 de junio, visita a los ensayos de cereal de Neiker\"}]},{\"@type\":\"WebSite\",\"@id\":\"https:\/\/www.uaga.eus\/#website\",\"url\":\"https:\/\/www.uaga.eus\/\",\"name\":\"UAGA\",\"description\":\"Uni\u00f3n Agroganadera de \u00c1lava - Araba Nekazarien Elkartea\",\"potentialAction\":[{\"@type\":\"SearchAction\",\"target\":{\"@type\":\"EntryPoint\",\"urlTemplate\":\"https:\/\/www.uaga.eus\/?s={search_term_string}\"},\"query-input\":\"required name=search_term_string\"}],\"inLanguage\":\"eu\"},{\"@type\":\"Person\",\"@id\":\"https:\/\/www.uaga.eus\/#\/schema\/person\/48c3cbf0f33d1b788226dbb6518689cf\",\"name\":\"Blanca S\u00e1nchez\",\"image\":{\"@type\":\"ImageObject\",\"inLanguage\":\"eu\",\"@id\":\"https:\/\/www.uaga.eus\/#\/schema\/person\/image\/\",\"url\":\"https:\/\/secure.gravatar.com\/avatar\/0dc91c20648254b1ce84877283f6751b?s=96&d=mm&r=g\",\"contentUrl\":\"https:\/\/secure.gravatar.com\/avatar\/0dc91c20648254b1ce84877283f6751b?s=96&d=mm&r=g\",\"caption\":\"Blanca S\u00e1nchez\"},\"url\":\"https:\/\/www.uaga.eus\/eu\/author\/bsanchez\/\"}]}<\/script>\n<!-- \/ Yoast SEO plugin. -->","yoast_head_json":{"title":"15 de junio, visita a los ensayos de cereal de Neiker - UAGA","robots":{"index":"index","follow":"follow","max-snippet":"max-snippet:-1","max-image-preview":"max-image-preview:large","max-video-preview":"max-video-preview:-1"},"canonical":"https:\/\/www.uaga.eus\/15-de-junio-visita-a-los-ensayos-de-cereal-de-neiker\/","og_locale":"en_US","og_type":"article","og_title":"15 de junio, visita a los ensayos de cereal de Neiker - UAGA","og_description":"Neiker ha organizado, para el pr\u00f3ximo 15 de junio, una Jornada de campo para visitar\u00a0en las fincas experimentales de Arkaute y Gauna los ensayos de evaluaci\u00f3n de variedades que se est\u00e1n realizando esta campa\u00f1a. En la finca experimental de Arkaute se podr\u00e1n ver aquellas variedades ensayadas dentro de la red GENVCE de cebadas de primavera, [&hellip;]","og_url":"https:\/\/www.uaga.eus\/15-de-junio-visita-a-los-ensayos-de-cereal-de-neiker\/","og_site_name":"UAGA","article_published_time":"2022-06-10T10:58:23+00:00","og_image":[{"width":650,"height":366,"url":"https:\/\/www.uaga.eus\/wp-content\/uploads\/2020\/07\/trigo.jpg","type":"image\/jpeg"}],"author":"Blanca S\u00e1nchez","twitter_card":"summary_large_image","twitter_misc":{"Written by":"Blanca S\u00e1nchez","Est. reading time":"1 minutua"},"schema":{"@context":"https:\/\/schema.org","@graph":[{"@type":"WebPage","@id":"https:\/\/www.uaga.eus\/15-de-junio-visita-a-los-ensayos-de-cereal-de-neiker\/","url":"https:\/\/www.uaga.eus\/15-de-junio-visita-a-los-ensayos-de-cereal-de-neiker\/","name":"15 de junio, visita a los ensayos de cereal de Neiker - UAGA","isPartOf":{"@id":"https:\/\/www.uaga.eus\/#website"},"datePublished":"2022-06-10T10:58:23+00:00","dateModified":"2022-06-10T10:58:23+00:00","author":{"@id":"https:\/\/www.uaga.eus\/#\/schema\/person\/48c3cbf0f33d1b788226dbb6518689cf"},"breadcrumb":{"@id":"https:\/\/www.uaga.eus\/15-de-junio-visita-a-los-ensayos-de-cereal-de-neiker\/#breadcrumb"},"inLanguage":"eu","potentialAction":[{"@type":"ReadAction","target":["https:\/\/www.uaga.eus\/15-de-junio-visita-a-los-ensayos-de-cereal-de-neiker\/"]}]},{"@type":"BreadcrumbList","@id":"https:\/\/www.uaga.eus\/15-de-junio-visita-a-los-ensayos-de-cereal-de-neiker\/#breadcrumb","itemListElement":[{"@type":"ListItem","position":1,"name":"Inicio","item":"https:\/\/www.uaga.eus\/"},{"@type":"ListItem","position":2,"name":"15 de junio, visita a los ensayos de cereal de Neiker"}]},{"@type":"WebSite","@id":"https:\/\/www.uaga.eus\/#website","url":"https:\/\/www.uaga.eus\/","name":"UAGA","description":"Uni\u00f3n Agroganadera de \u00c1lava - Araba Nekazarien Elkartea","potentialAction":[{"@type":"SearchAction","target":{"@type":"EntryPoint","urlTemplate":"https:\/\/www.uaga.eus\/?s={search_term_string}"},"query-input":"required name=search_term_string"}],"inLanguage":"eu"},{"@type":"Person","@id":"https:\/\/www.uaga.eus\/#\/schema\/person\/48c3cbf0f33d1b788226dbb6518689cf","name":"Blanca S\u00e1nchez","image":{"@type":"ImageObject","inLanguage":"eu","@id":"https:\/\/www.uaga.eus\/#\/schema\/person\/image\/","url":"https:\/\/secure.gravatar.com\/avatar\/0dc91c20648254b1ce84877283f6751b?s=96&d=mm&r=g","contentUrl":"https:\/\/secure.gravatar.com\/avatar\/0dc91c20648254b1ce84877283f6751b?s=96&d=mm&r=g","caption":"Blanca S\u00e1nchez"},"url":"https:\/\/www.uaga.eus\/eu\/author\/bsanchez\/"}]}},"_links":{"self":[{"href":"https:\/\/www.uaga.eus\/eu\/wp-json\/wp\/v2\/posts\/10247"}],"collection":[{"href":"https:\/\/www.uaga.eus\/eu\/wp-json\/wp\/v2\/posts"}],"about":[{"href":"https:\/\/www.uaga.eus\/eu\/wp-json\/wp\/v2\/types\/post"}],"author":[{"embeddable":true,"href":"https:\/\/www.uaga.eus\/eu\/wp-json\/wp\/v2\/users\/4"}],"replies":[{"embeddable":true,"href":"https:\/\/www.uaga.eus\/eu\/wp-json\/wp\/v2\/comments?post=10247"}],"version-history":[{"count":1,"href":"https:\/\/www.uaga.eus\/eu\/wp-json\/wp\/v2\/posts\/10247\/revisions"}],"predecessor-version":[{"id":10248,"href":"https:\/\/www.uaga.eus\/eu\/wp-json\/wp\/v2\/posts\/10247\/revisions\/10248"}],"wp:featuredmedia":[{"embeddable":true,"href":"https:\/\/www.uaga.eus\/eu\/wp-json\/wp\/v2\/media\/7897"}],"wp:attachment":[{"href":"https:\/\/www.uaga.eus\/eu\/wp-json\/wp\/v2\/media?parent=10247"}],"wp:term":[{"taxonomy":"category","embeddable":true,"href":"https:\/\/www.uaga.eus\/eu\/wp-json\/wp\/v2\/categories?post=10247"},{"taxonomy":"post_tag","embeddable":true,"href":"https:\/\/www.uaga.eus\/eu\/wp-json\/wp\/v2\/tags?post=10247"}],"curies":[{"name":"wp","href":"https:\/\/api.w.org\/{rel}","templated":true}]}}