{"id":10244,"date":"2022-06-10T10:57:27","date_gmt":"2022-06-10T10:57:27","guid":{"rendered":"https:\/\/www.uaga.eus\/?p=10244"},"modified":"2022-06-10T10:57:27","modified_gmt":"2022-06-10T10:57:27","slug":"hazi-pone-en-marcha-la-2a-edicion-de-behizain-eskola","status":"publish","type":"post","link":"https:\/\/www.uaga.eus\/eu\/hazi-pone-en-marcha-la-2a-edicion-de-behizain-eskola\/","title":{"rendered":"Hazi pone en marcha\u00a0la 2\u00aa edici\u00f3n de Behizain Eskola"},"content":{"rendered":"<p>Hazi ha presentado esta semana una iniciativa formativa dirigida\u00a0a\u00a0toda persona que busque una cualificaci\u00f3n para la realizaci\u00f3n de los trabajos y la gesti\u00f3n de la ganader\u00eda, as\u00ed como a quien est\u00e1 en proceso o prev\u00e9 una primera instalaci\u00f3n en el sector del vacuno de leche.<\/p>\n<p>La formaci\u00f3n se llevar\u00e1 a cabo en Areantza Etxebarri (Aretxabaleta \u2013 Gipuzkoa), donde se impartir\u00e1n los m\u00f3dulos te\u00f3ricos (214 horas) y las pr\u00e1cticas mientras se prolongue la formaci\u00f3n te\u00f3rica. Tambi\u00e9n se realizar\u00e1n periodos de pr\u00e1cticas en otros caser\u00edos (270 h).<\/p>\n<p>En el curso tambi\u00e9n contar\u00e1 con\u00a0visitas a experiencias interesantes y\u00a0una semana de estancia en\u00a0Iparralde para\u00a0conocer diferentes explotaciones y sistemas de hacer en esa zona.<\/p>\n<p>Las personas interesadas pueden obtener m\u00e1s informaci\u00f3n a trav\u00e9s del tel\u00e9fono o correo electr\u00f3nico de HAZI (\u00a0688 689 725 \u2013\u00a0<a href=\"mailto:fpegestion6@hazi.eus\" data-cke-saved-href=\"mailto:fpegestion6@hazi.eus\">fpegestion6@hazi.eus<\/a>). Tambi\u00e9n puedes\u00a0realizar la preinscripci\u00f3n en este <a href=\"https:\/\/fpe.hazi.eus\/Fpe_prema\/prematriculacion.asp?param=709564283&amp;idioma=0\" target=\"_blank\" rel=\"noopener\" data-cke-saved-href=\"https:\/\/fpe.hazi.eus\/Fpe_prema\/prematriculacion.asp?param=709564283&amp;idioma=0\">enlace<\/a>.<\/p>\n<hr \/>\n","protected":false},"excerpt":{"rendered":"<p>Hazi ha presentado esta semana una iniciativa formativa dirigida\u00a0a\u00a0toda persona que busque una cualificaci\u00f3n para la realizaci\u00f3n de los trabajos y la gesti\u00f3n de la ganader\u00eda, as\u00ed como a quien est\u00e1 en proceso o prev\u00e9 una primera instalaci\u00f3n en el sector del vacuno de leche. La formaci\u00f3n se llevar\u00e1 a cabo en Areantza Etxebarri (Aretxabaleta [&hellip;]<\/p>\n","protected":false},"author":4,"featured_media":10245,"comment_status":"closed","ping_status":"closed","sticky":false,"template":"","format":"standard","meta":{"footnotes":""},"categories":[66,8],"tags":[],"yoast_head":"<!-- This site is optimized with the Yoast SEO plugin v21.5 - https:\/\/yoast.com\/wordpress\/plugins\/seo\/ -->\n<title>Hazi pone en marcha\u00a0la 2\u00aa edici\u00f3n de Behizain Eskola - UAGA<\/title>\n<meta name=\"robots\" content=\"index, follow, max-snippet:-1, max-image-preview:large, max-video-preview:-1\" \/>\n<link rel=\"canonical\" href=\"https:\/\/www.uaga.eus\/hazi-pone-en-marcha-la-2a-edicion-de-behizain-eskola\/\" \/>\n<meta property=\"og:locale\" content=\"en_US\" \/>\n<meta property=\"og:type\" content=\"article\" \/>\n<meta property=\"og:title\" content=\"Hazi pone en marcha\u00a0la 2\u00aa edici\u00f3n de Behizain Eskola - UAGA\" \/>\n<meta property=\"og:description\" content=\"Hazi ha presentado esta semana una iniciativa formativa dirigida\u00a0a\u00a0toda persona que busque una cualificaci\u00f3n para la realizaci\u00f3n de los trabajos y la gesti\u00f3n de la ganader\u00eda, as\u00ed como a quien est\u00e1 en proceso o prev\u00e9 una primera instalaci\u00f3n en el sector del vacuno de leche. La formaci\u00f3n se llevar\u00e1 a cabo en Areantza Etxebarri (Aretxabaleta [&hellip;]\" \/>\n<meta property=\"og:url\" content=\"https:\/\/www.uaga.eus\/hazi-pone-en-marcha-la-2a-edicion-de-behizain-eskola\/\" \/>\n<meta property=\"og:site_name\" content=\"UAGA\" \/>\n<meta property=\"article:published_time\" content=\"2022-06-10T10:57:27+00:00\" \/>\n<meta property=\"og:image\" content=\"https:\/\/www.uaga.eus\/wp-content\/uploads\/2022\/06\/hazi-ganaderia-e1654858630577.jpg\" \/>\n\t<meta property=\"og:image:width\" content=\"700\" \/>\n\t<meta property=\"og:image:height\" content=\"321\" \/>\n\t<meta property=\"og:image:type\" content=\"image\/jpeg\" \/>\n<meta name=\"author\" content=\"Blanca S\u00e1nchez\" \/>\n<meta name=\"twitter:card\" content=\"summary_large_image\" \/>\n<meta name=\"twitter:label1\" content=\"Written by\" \/>\n\t<meta name=\"twitter:data1\" content=\"Blanca S\u00e1nchez\" \/>\n\t<meta name=\"twitter:label2\" content=\"Est. reading time\" \/>\n\t<meta name=\"twitter:data2\" content=\"1 minutua\" \/>\n<script type=\"application\/ld+json\" class=\"yoast-schema-graph\">{\"@context\":\"https:\/\/schema.org\",\"@graph\":[{\"@type\":\"WebPage\",\"@id\":\"https:\/\/www.uaga.eus\/hazi-pone-en-marcha-la-2a-edicion-de-behizain-eskola\/\",\"url\":\"https:\/\/www.uaga.eus\/hazi-pone-en-marcha-la-2a-edicion-de-behizain-eskola\/\",\"name\":\"Hazi pone en marcha\u00a0la 2\u00aa edici\u00f3n de Behizain Eskola - UAGA\",\"isPartOf\":{\"@id\":\"https:\/\/www.uaga.eus\/#website\"},\"datePublished\":\"2022-06-10T10:57:27+00:00\",\"dateModified\":\"2022-06-10T10:57:27+00:00\",\"author\":{\"@id\":\"https:\/\/www.uaga.eus\/#\/schema\/person\/48c3cbf0f33d1b788226dbb6518689cf\"},\"breadcrumb\":{\"@id\":\"https:\/\/www.uaga.eus\/hazi-pone-en-marcha-la-2a-edicion-de-behizain-eskola\/#breadcrumb\"},\"inLanguage\":\"eu\",\"potentialAction\":[{\"@type\":\"ReadAction\",\"target\":[\"https:\/\/www.uaga.eus\/hazi-pone-en-marcha-la-2a-edicion-de-behizain-eskola\/\"]}]},{\"@type\":\"BreadcrumbList\",\"@id\":\"https:\/\/www.uaga.eus\/hazi-pone-en-marcha-la-2a-edicion-de-behizain-eskola\/#breadcrumb\",\"itemListElement\":[{\"@type\":\"ListItem\",\"position\":1,\"name\":\"Inicio\",\"item\":\"https:\/\/www.uaga.eus\/\"},{\"@type\":\"ListItem\",\"position\":2,\"name\":\"Hazi pone en marcha\u00a0la 2\u00aa edici\u00f3n de Behizain Eskola\"}]},{\"@type\":\"WebSite\",\"@id\":\"https:\/\/www.uaga.eus\/#website\",\"url\":\"https:\/\/www.uaga.eus\/\",\"name\":\"UAGA\",\"description\":\"Uni\u00f3n Agroganadera de \u00c1lava - Araba Nekazarien Elkartea\",\"potentialAction\":[{\"@type\":\"SearchAction\",\"target\":{\"@type\":\"EntryPoint\",\"urlTemplate\":\"https:\/\/www.uaga.eus\/?s={search_term_string}\"},\"query-input\":\"required name=search_term_string\"}],\"inLanguage\":\"eu\"},{\"@type\":\"Person\",\"@id\":\"https:\/\/www.uaga.eus\/#\/schema\/person\/48c3cbf0f33d1b788226dbb6518689cf\",\"name\":\"Blanca S\u00e1nchez\",\"image\":{\"@type\":\"ImageObject\",\"inLanguage\":\"eu\",\"@id\":\"https:\/\/www.uaga.eus\/#\/schema\/person\/image\/\",\"url\":\"https:\/\/secure.gravatar.com\/avatar\/0dc91c20648254b1ce84877283f6751b?s=96&d=mm&r=g\",\"contentUrl\":\"https:\/\/secure.gravatar.com\/avatar\/0dc91c20648254b1ce84877283f6751b?s=96&d=mm&r=g\",\"caption\":\"Blanca S\u00e1nchez\"},\"url\":\"https:\/\/www.uaga.eus\/eu\/author\/bsanchez\/\"}]}<\/script>\n<!-- \/ Yoast SEO plugin. -->","yoast_head_json":{"title":"Hazi pone en marcha\u00a0la 2\u00aa edici\u00f3n de Behizain Eskola - UAGA","robots":{"index":"index","follow":"follow","max-snippet":"max-snippet:-1","max-image-preview":"max-image-preview:large","max-video-preview":"max-video-preview:-1"},"canonical":"https:\/\/www.uaga.eus\/hazi-pone-en-marcha-la-2a-edicion-de-behizain-eskola\/","og_locale":"en_US","og_type":"article","og_title":"Hazi pone en marcha\u00a0la 2\u00aa edici\u00f3n de Behizain Eskola - UAGA","og_description":"Hazi ha presentado esta semana una iniciativa formativa dirigida\u00a0a\u00a0toda persona que busque una cualificaci\u00f3n para la realizaci\u00f3n de los trabajos y la gesti\u00f3n de la ganader\u00eda, as\u00ed como a quien est\u00e1 en proceso o prev\u00e9 una primera instalaci\u00f3n en el sector del vacuno de leche. La formaci\u00f3n se llevar\u00e1 a cabo en Areantza Etxebarri (Aretxabaleta [&hellip;]","og_url":"https:\/\/www.uaga.eus\/hazi-pone-en-marcha-la-2a-edicion-de-behizain-eskola\/","og_site_name":"UAGA","article_published_time":"2022-06-10T10:57:27+00:00","og_image":[{"width":700,"height":321,"url":"https:\/\/www.uaga.eus\/wp-content\/uploads\/2022\/06\/hazi-ganaderia-e1654858630577.jpg","type":"image\/jpeg"}],"author":"Blanca S\u00e1nchez","twitter_card":"summary_large_image","twitter_misc":{"Written by":"Blanca S\u00e1nchez","Est. reading time":"1 minutua"},"schema":{"@context":"https:\/\/schema.org","@graph":[{"@type":"WebPage","@id":"https:\/\/www.uaga.eus\/hazi-pone-en-marcha-la-2a-edicion-de-behizain-eskola\/","url":"https:\/\/www.uaga.eus\/hazi-pone-en-marcha-la-2a-edicion-de-behizain-eskola\/","name":"Hazi pone en marcha\u00a0la 2\u00aa edici\u00f3n de Behizain Eskola - UAGA","isPartOf":{"@id":"https:\/\/www.uaga.eus\/#website"},"datePublished":"2022-06-10T10:57:27+00:00","dateModified":"2022-06-10T10:57:27+00:00","author":{"@id":"https:\/\/www.uaga.eus\/#\/schema\/person\/48c3cbf0f33d1b788226dbb6518689cf"},"breadcrumb":{"@id":"https:\/\/www.uaga.eus\/hazi-pone-en-marcha-la-2a-edicion-de-behizain-eskola\/#breadcrumb"},"inLanguage":"eu","potentialAction":[{"@type":"ReadAction","target":["https:\/\/www.uaga.eus\/hazi-pone-en-marcha-la-2a-edicion-de-behizain-eskola\/"]}]},{"@type":"BreadcrumbList","@id":"https:\/\/www.uaga.eus\/hazi-pone-en-marcha-la-2a-edicion-de-behizain-eskola\/#breadcrumb","itemListElement":[{"@type":"ListItem","position":1,"name":"Inicio","item":"https:\/\/www.uaga.eus\/"},{"@type":"ListItem","position":2,"name":"Hazi pone en marcha\u00a0la 2\u00aa edici\u00f3n de Behizain Eskola"}]},{"@type":"WebSite","@id":"https:\/\/www.uaga.eus\/#website","url":"https:\/\/www.uaga.eus\/","name":"UAGA","description":"Uni\u00f3n Agroganadera de \u00c1lava - Araba Nekazarien Elkartea","potentialAction":[{"@type":"SearchAction","target":{"@type":"EntryPoint","urlTemplate":"https:\/\/www.uaga.eus\/?s={search_term_string}"},"query-input":"required name=search_term_string"}],"inLanguage":"eu"},{"@type":"Person","@id":"https:\/\/www.uaga.eus\/#\/schema\/person\/48c3cbf0f33d1b788226dbb6518689cf","name":"Blanca S\u00e1nchez","image":{"@type":"ImageObject","inLanguage":"eu","@id":"https:\/\/www.uaga.eus\/#\/schema\/person\/image\/","url":"https:\/\/secure.gravatar.com\/avatar\/0dc91c20648254b1ce84877283f6751b?s=96&d=mm&r=g","contentUrl":"https:\/\/secure.gravatar.com\/avatar\/0dc91c20648254b1ce84877283f6751b?s=96&d=mm&r=g","caption":"Blanca S\u00e1nchez"},"url":"https:\/\/www.uaga.eus\/eu\/author\/bsanchez\/"}]}},"_links":{"self":[{"href":"https:\/\/www.uaga.eus\/eu\/wp-json\/wp\/v2\/posts\/10244"}],"collection":[{"href":"https:\/\/www.uaga.eus\/eu\/wp-json\/wp\/v2\/posts"}],"about":[{"href":"https:\/\/www.uaga.eus\/eu\/wp-json\/wp\/v2\/types\/post"}],"author":[{"embeddable":true,"href":"https:\/\/www.uaga.eus\/eu\/wp-json\/wp\/v2\/users\/4"}],"replies":[{"embeddable":true,"href":"https:\/\/www.uaga.eus\/eu\/wp-json\/wp\/v2\/comments?post=10244"}],"version-history":[{"count":1,"href":"https:\/\/www.uaga.eus\/eu\/wp-json\/wp\/v2\/posts\/10244\/revisions"}],"predecessor-version":[{"id":10246,"href":"https:\/\/www.uaga.eus\/eu\/wp-json\/wp\/v2\/posts\/10244\/revisions\/10246"}],"wp:featuredmedia":[{"embeddable":true,"href":"https:\/\/www.uaga.eus\/eu\/wp-json\/wp\/v2\/media\/10245"}],"wp:attachment":[{"href":"https:\/\/www.uaga.eus\/eu\/wp-json\/wp\/v2\/media?parent=10244"}],"wp:term":[{"taxonomy":"category","embeddable":true,"href":"https:\/\/www.uaga.eus\/eu\/wp-json\/wp\/v2\/categories?post=10244"},{"taxonomy":"post_tag","embeddable":true,"href":"https:\/\/www.uaga.eus\/eu\/wp-json\/wp\/v2\/tags?post=10244"}],"curies":[{"name":"wp","href":"https:\/\/api.w.org\/{rel}","templated":true}]}}