{"id":10236,"date":"2022-06-03T10:48:24","date_gmt":"2022-06-03T10:48:24","guid":{"rendered":"https:\/\/www.uaga.eus\/?p=10236"},"modified":"2022-06-03T10:48:24","modified_gmt":"2022-06-03T10:48:24","slug":"hasta-el-1-de-agosto-abierto-el-plazo-para-la-solicitud-de-ayudas-de-minimis-a-la-diversificacion-de-cultivos","status":"publish","type":"post","link":"https:\/\/www.uaga.eus\/eu\/hasta-el-1-de-agosto-abierto-el-plazo-para-la-solicitud-de-ayudas-de-minimis-a-la-diversificacion-de-cultivos\/","title":{"rendered":"Hasta el 1 de agosto, abierto el plazo para la solicitud de ayudas de minimis a la diversificaci\u00f3n de cultivos"},"content":{"rendered":"<p>El Gobierno vasco ha publicado esta semana, la Orden por la que se convocan, para el a\u00f1o 2022, ayudas a la diversificaci\u00f3n subsectorial agraria en el \u00e1mbito de la innovaci\u00f3n ligada a calidad o transformaci\u00f3n productiva, bajo el r\u00e9gimen de ayudas minimis.<\/p>\n<p>El objetivo de estas ayudas es potenciar la puesta en marcha de nuevos nichos agrarios de calidad, que favorezcan a su vez los procesos de transformaci\u00f3n y rejuvenecimiento en el sector agrario.<\/p>\n<p>Podr\u00e1n solicitar estas ayudas\u00a0los titulares de una explotaci\u00f3n de los siguientes sectores productivos agr\u00edcolas:<\/p>\n<ul>\n<li>L\u00fapulo<\/li>\n<li>Cereales panificables<\/li>\n<li>Frutos secos (Nogal y Avellano)<\/li>\n<li>Frutales de mesa<\/li>\n<li>Trufa<\/li>\n<li>Horticultura extensiva de regad\u00edo<\/li>\n<li>Oleaginosas para alimentaci\u00f3n humana o animal<\/li>\n<\/ul>\n<p>En sectores ganaderos, los posibles beneficiarios ser\u00e1n:<\/p>\n<ul>\n<li>Caprino de leche<\/li>\n<li>Equino Endurance<\/li>\n<\/ul>\n<p>El Gobierno Vasco ha destinado presupuesto de 500.000 euros para esta l\u00ednea de ayudas. El importe por persona beneficiaria y l\u00ednea subvencionable\u00a0no podr\u00e1 superar la cuant\u00eda m\u00e1xima de 7.000,00 euros.<\/p>\n<p>Uno de los requisitos principales es que la explotaci\u00f3n no haya recibido 20.000 euros en ayudas acogidas al r\u00e9gimen de minimis, por cualquier concepto, durante el periodo de los dos ejercicios fiscales anteriores a la presente convocatoria, y durante el ejercicio fiscal en\u00a0 curso.<\/p>\n<p>Puedes consultar la Orden en este <a href=\"https:\/\/www.euskadi.eus\/y22-bopv\/es\/bopv2\/datos\/2022\/05\/2202326a.pdf\" target=\"_blank\" rel=\"noopener\" data-cke-saved-href=\"https:\/\/www.euskadi.eus\/y22-bopv\/es\/bopv2\/datos\/2022\/05\/2202326a.pdf\">enlace<\/a>\u00a0y realizar la tramitaci\u00f3n electr\u00f3nica <a href=\"https:\/\/www.euskadi.eus\/ayuda_subvencion\/2022\/diversificacion-subsectorial-agraria\/web01-tramite\/es\/\" target=\"_blank\" rel=\"noopener\" data-cke-saved-href=\"https:\/\/www.euskadi.eus\/ayuda_subvencion\/2022\/diversificacion-subsectorial-agraria\/web01-tramite\/es\/\">aqu\u00ed<\/a>. El plazo est\u00e1 abierto hasta el 1 de agosto.<\/p>\n<p>+INFO H\u00c9CTOR:\u00a0618 670 869<\/p>\n<hr \/>\n<p><br data-cke-eol=\"1\" \/><\/p>\n","protected":false},"excerpt":{"rendered":"<p>El Gobierno vasco ha publicado esta semana, la Orden por la que se convocan, para el a\u00f1o 2022, ayudas a la diversificaci\u00f3n subsectorial agraria en el \u00e1mbito de la innovaci\u00f3n ligada a calidad o transformaci\u00f3n productiva, bajo el r\u00e9gimen de ayudas minimis. El objetivo de estas ayudas es potenciar la puesta en marcha de nuevos [&hellip;]<\/p>\n","protected":false},"author":4,"featured_media":3035,"comment_status":"closed","ping_status":"closed","sticky":false,"template":"","format":"standard","meta":{"footnotes":""},"categories":[7,5,8],"tags":[],"yoast_head":"<!-- This site is optimized with the Yoast SEO plugin v21.5 - https:\/\/yoast.com\/wordpress\/plugins\/seo\/ -->\n<title>Hasta el 1 de agosto, abierto el plazo para la solicitud de ayudas de minimis a la diversificaci\u00f3n de cultivos - UAGA<\/title>\n<meta name=\"robots\" content=\"index, follow, max-snippet:-1, max-image-preview:large, max-video-preview:-1\" \/>\n<link rel=\"canonical\" href=\"https:\/\/www.uaga.eus\/hasta-el-1-de-agosto-abierto-el-plazo-para-la-solicitud-de-ayudas-de-minimis-a-la-diversificacion-de-cultivos\/\" \/>\n<meta property=\"og:locale\" content=\"en_US\" \/>\n<meta property=\"og:type\" content=\"article\" \/>\n<meta property=\"og:title\" content=\"Hasta el 1 de agosto, abierto el plazo para la solicitud de ayudas de minimis a la diversificaci\u00f3n de cultivos - UAGA\" \/>\n<meta property=\"og:description\" content=\"El Gobierno vasco ha publicado esta semana, la Orden por la que se convocan, para el a\u00f1o 2022, ayudas a la diversificaci\u00f3n subsectorial agraria en el \u00e1mbito de la innovaci\u00f3n ligada a calidad o transformaci\u00f3n productiva, bajo el r\u00e9gimen de ayudas minimis. El objetivo de estas ayudas es potenciar la puesta en marcha de nuevos [&hellip;]\" \/>\n<meta property=\"og:url\" content=\"https:\/\/www.uaga.eus\/hasta-el-1-de-agosto-abierto-el-plazo-para-la-solicitud-de-ayudas-de-minimis-a-la-diversificacion-de-cultivos\/\" \/>\n<meta property=\"og:site_name\" content=\"UAGA\" \/>\n<meta property=\"article:published_time\" content=\"2022-06-03T10:48:24+00:00\" \/>\n<meta property=\"og:image\" content=\"https:\/\/www.uaga.eus\/wp-content\/uploads\/2018\/06\/lupulo-e1529580303241.jpg\" \/>\n\t<meta property=\"og:image:width\" content=\"696\" \/>\n\t<meta property=\"og:image:height\" content=\"337\" \/>\n\t<meta property=\"og:image:type\" content=\"image\/jpeg\" \/>\n<meta name=\"author\" content=\"Blanca S\u00e1nchez\" \/>\n<meta name=\"twitter:card\" content=\"summary_large_image\" \/>\n<meta name=\"twitter:label1\" content=\"Written by\" \/>\n\t<meta name=\"twitter:data1\" content=\"Blanca S\u00e1nchez\" \/>\n\t<meta name=\"twitter:label2\" content=\"Est. reading time\" \/>\n\t<meta name=\"twitter:data2\" content=\"1 minutua\" \/>\n<script type=\"application\/ld+json\" class=\"yoast-schema-graph\">{\"@context\":\"https:\/\/schema.org\",\"@graph\":[{\"@type\":\"WebPage\",\"@id\":\"https:\/\/www.uaga.eus\/hasta-el-1-de-agosto-abierto-el-plazo-para-la-solicitud-de-ayudas-de-minimis-a-la-diversificacion-de-cultivos\/\",\"url\":\"https:\/\/www.uaga.eus\/hasta-el-1-de-agosto-abierto-el-plazo-para-la-solicitud-de-ayudas-de-minimis-a-la-diversificacion-de-cultivos\/\",\"name\":\"Hasta el 1 de agosto, abierto el plazo para la solicitud de ayudas de minimis a la diversificaci\u00f3n de cultivos - UAGA\",\"isPartOf\":{\"@id\":\"https:\/\/www.uaga.eus\/#website\"},\"datePublished\":\"2022-06-03T10:48:24+00:00\",\"dateModified\":\"2022-06-03T10:48:24+00:00\",\"author\":{\"@id\":\"https:\/\/www.uaga.eus\/#\/schema\/person\/48c3cbf0f33d1b788226dbb6518689cf\"},\"breadcrumb\":{\"@id\":\"https:\/\/www.uaga.eus\/hasta-el-1-de-agosto-abierto-el-plazo-para-la-solicitud-de-ayudas-de-minimis-a-la-diversificacion-de-cultivos\/#breadcrumb\"},\"inLanguage\":\"eu\",\"potentialAction\":[{\"@type\":\"ReadAction\",\"target\":[\"https:\/\/www.uaga.eus\/hasta-el-1-de-agosto-abierto-el-plazo-para-la-solicitud-de-ayudas-de-minimis-a-la-diversificacion-de-cultivos\/\"]}]},{\"@type\":\"BreadcrumbList\",\"@id\":\"https:\/\/www.uaga.eus\/hasta-el-1-de-agosto-abierto-el-plazo-para-la-solicitud-de-ayudas-de-minimis-a-la-diversificacion-de-cultivos\/#breadcrumb\",\"itemListElement\":[{\"@type\":\"ListItem\",\"position\":1,\"name\":\"Inicio\",\"item\":\"https:\/\/www.uaga.eus\/\"},{\"@type\":\"ListItem\",\"position\":2,\"name\":\"Hasta el 1 de agosto, abierto el plazo para la solicitud de ayudas de minimis a la diversificaci\u00f3n de cultivos\"}]},{\"@type\":\"WebSite\",\"@id\":\"https:\/\/www.uaga.eus\/#website\",\"url\":\"https:\/\/www.uaga.eus\/\",\"name\":\"UAGA\",\"description\":\"Uni\u00f3n Agroganadera de \u00c1lava - Araba Nekazarien Elkartea\",\"potentialAction\":[{\"@type\":\"SearchAction\",\"target\":{\"@type\":\"EntryPoint\",\"urlTemplate\":\"https:\/\/www.uaga.eus\/?s={search_term_string}\"},\"query-input\":\"required name=search_term_string\"}],\"inLanguage\":\"eu\"},{\"@type\":\"Person\",\"@id\":\"https:\/\/www.uaga.eus\/#\/schema\/person\/48c3cbf0f33d1b788226dbb6518689cf\",\"name\":\"Blanca S\u00e1nchez\",\"image\":{\"@type\":\"ImageObject\",\"inLanguage\":\"eu\",\"@id\":\"https:\/\/www.uaga.eus\/#\/schema\/person\/image\/\",\"url\":\"https:\/\/secure.gravatar.com\/avatar\/0dc91c20648254b1ce84877283f6751b?s=96&d=mm&r=g\",\"contentUrl\":\"https:\/\/secure.gravatar.com\/avatar\/0dc91c20648254b1ce84877283f6751b?s=96&d=mm&r=g\",\"caption\":\"Blanca S\u00e1nchez\"},\"url\":\"https:\/\/www.uaga.eus\/eu\/author\/bsanchez\/\"}]}<\/script>\n<!-- \/ Yoast SEO plugin. -->","yoast_head_json":{"title":"Hasta el 1 de agosto, abierto el plazo para la solicitud de ayudas de minimis a la diversificaci\u00f3n de cultivos - UAGA","robots":{"index":"index","follow":"follow","max-snippet":"max-snippet:-1","max-image-preview":"max-image-preview:large","max-video-preview":"max-video-preview:-1"},"canonical":"https:\/\/www.uaga.eus\/hasta-el-1-de-agosto-abierto-el-plazo-para-la-solicitud-de-ayudas-de-minimis-a-la-diversificacion-de-cultivos\/","og_locale":"en_US","og_type":"article","og_title":"Hasta el 1 de agosto, abierto el plazo para la solicitud de ayudas de minimis a la diversificaci\u00f3n de cultivos - UAGA","og_description":"El Gobierno vasco ha publicado esta semana, la Orden por la que se convocan, para el a\u00f1o 2022, ayudas a la diversificaci\u00f3n subsectorial agraria en el \u00e1mbito de la innovaci\u00f3n ligada a calidad o transformaci\u00f3n productiva, bajo el r\u00e9gimen de ayudas minimis. El objetivo de estas ayudas es potenciar la puesta en marcha de nuevos [&hellip;]","og_url":"https:\/\/www.uaga.eus\/hasta-el-1-de-agosto-abierto-el-plazo-para-la-solicitud-de-ayudas-de-minimis-a-la-diversificacion-de-cultivos\/","og_site_name":"UAGA","article_published_time":"2022-06-03T10:48:24+00:00","og_image":[{"width":696,"height":337,"url":"https:\/\/www.uaga.eus\/wp-content\/uploads\/2018\/06\/lupulo-e1529580303241.jpg","type":"image\/jpeg"}],"author":"Blanca S\u00e1nchez","twitter_card":"summary_large_image","twitter_misc":{"Written by":"Blanca S\u00e1nchez","Est. reading time":"1 minutua"},"schema":{"@context":"https:\/\/schema.org","@graph":[{"@type":"WebPage","@id":"https:\/\/www.uaga.eus\/hasta-el-1-de-agosto-abierto-el-plazo-para-la-solicitud-de-ayudas-de-minimis-a-la-diversificacion-de-cultivos\/","url":"https:\/\/www.uaga.eus\/hasta-el-1-de-agosto-abierto-el-plazo-para-la-solicitud-de-ayudas-de-minimis-a-la-diversificacion-de-cultivos\/","name":"Hasta el 1 de agosto, abierto el plazo para la solicitud de ayudas de minimis a la diversificaci\u00f3n de cultivos - UAGA","isPartOf":{"@id":"https:\/\/www.uaga.eus\/#website"},"datePublished":"2022-06-03T10:48:24+00:00","dateModified":"2022-06-03T10:48:24+00:00","author":{"@id":"https:\/\/www.uaga.eus\/#\/schema\/person\/48c3cbf0f33d1b788226dbb6518689cf"},"breadcrumb":{"@id":"https:\/\/www.uaga.eus\/hasta-el-1-de-agosto-abierto-el-plazo-para-la-solicitud-de-ayudas-de-minimis-a-la-diversificacion-de-cultivos\/#breadcrumb"},"inLanguage":"eu","potentialAction":[{"@type":"ReadAction","target":["https:\/\/www.uaga.eus\/hasta-el-1-de-agosto-abierto-el-plazo-para-la-solicitud-de-ayudas-de-minimis-a-la-diversificacion-de-cultivos\/"]}]},{"@type":"BreadcrumbList","@id":"https:\/\/www.uaga.eus\/hasta-el-1-de-agosto-abierto-el-plazo-para-la-solicitud-de-ayudas-de-minimis-a-la-diversificacion-de-cultivos\/#breadcrumb","itemListElement":[{"@type":"ListItem","position":1,"name":"Inicio","item":"https:\/\/www.uaga.eus\/"},{"@type":"ListItem","position":2,"name":"Hasta el 1 de agosto, abierto el plazo para la solicitud de ayudas de minimis a la diversificaci\u00f3n de cultivos"}]},{"@type":"WebSite","@id":"https:\/\/www.uaga.eus\/#website","url":"https:\/\/www.uaga.eus\/","name":"UAGA","description":"Uni\u00f3n Agroganadera de \u00c1lava - Araba Nekazarien Elkartea","potentialAction":[{"@type":"SearchAction","target":{"@type":"EntryPoint","urlTemplate":"https:\/\/www.uaga.eus\/?s={search_term_string}"},"query-input":"required name=search_term_string"}],"inLanguage":"eu"},{"@type":"Person","@id":"https:\/\/www.uaga.eus\/#\/schema\/person\/48c3cbf0f33d1b788226dbb6518689cf","name":"Blanca S\u00e1nchez","image":{"@type":"ImageObject","inLanguage":"eu","@id":"https:\/\/www.uaga.eus\/#\/schema\/person\/image\/","url":"https:\/\/secure.gravatar.com\/avatar\/0dc91c20648254b1ce84877283f6751b?s=96&d=mm&r=g","contentUrl":"https:\/\/secure.gravatar.com\/avatar\/0dc91c20648254b1ce84877283f6751b?s=96&d=mm&r=g","caption":"Blanca S\u00e1nchez"},"url":"https:\/\/www.uaga.eus\/eu\/author\/bsanchez\/"}]}},"_links":{"self":[{"href":"https:\/\/www.uaga.eus\/eu\/wp-json\/wp\/v2\/posts\/10236"}],"collection":[{"href":"https:\/\/www.uaga.eus\/eu\/wp-json\/wp\/v2\/posts"}],"about":[{"href":"https:\/\/www.uaga.eus\/eu\/wp-json\/wp\/v2\/types\/post"}],"author":[{"embeddable":true,"href":"https:\/\/www.uaga.eus\/eu\/wp-json\/wp\/v2\/users\/4"}],"replies":[{"embeddable":true,"href":"https:\/\/www.uaga.eus\/eu\/wp-json\/wp\/v2\/comments?post=10236"}],"version-history":[{"count":1,"href":"https:\/\/www.uaga.eus\/eu\/wp-json\/wp\/v2\/posts\/10236\/revisions"}],"predecessor-version":[{"id":10237,"href":"https:\/\/www.uaga.eus\/eu\/wp-json\/wp\/v2\/posts\/10236\/revisions\/10237"}],"wp:featuredmedia":[{"embeddable":true,"href":"https:\/\/www.uaga.eus\/eu\/wp-json\/wp\/v2\/media\/3035"}],"wp:attachment":[{"href":"https:\/\/www.uaga.eus\/eu\/wp-json\/wp\/v2\/media?parent=10236"}],"wp:term":[{"taxonomy":"category","embeddable":true,"href":"https:\/\/www.uaga.eus\/eu\/wp-json\/wp\/v2\/categories?post=10236"},{"taxonomy":"post_tag","embeddable":true,"href":"https:\/\/www.uaga.eus\/eu\/wp-json\/wp\/v2\/tags?post=10236"}],"curies":[{"name":"wp","href":"https:\/\/api.w.org\/{rel}","templated":true}]}}