{"id":10144,"date":"2022-05-06T10:06:35","date_gmt":"2022-05-06T10:06:35","guid":{"rendered":"https:\/\/www.uaga.eus\/?p=10144"},"modified":"2022-05-06T10:06:35","modified_gmt":"2022-05-06T10:06:35","slug":"24-de-mayo-jornada-sobre-estrategias-y-practicas-viticolas-sostenibles-de-adaptacion-al-cambio-climatico","status":"publish","type":"post","link":"https:\/\/www.uaga.eus\/eu\/24-de-mayo-jornada-sobre-estrategias-y-practicas-viticolas-sostenibles-de-adaptacion-al-cambio-climatico\/","title":{"rendered":"24 de mayo, jornada sobre\u00a0Estrategias y pr\u00e1cticas vit\u00edcolas sostenibles de adaptaci\u00f3n al cambio clim\u00e1tico"},"content":{"rendered":"<p>NEIKER (Instituto Vasco de Investigaci\u00f3n y Desarrollo Agrario), ha organizado el pr\u00f3ximo 24 de mayo una jornada sobre Estrategias y pr\u00e1cticas vit\u00edcolas sostenibles de adaptaci\u00f3n al cambio clim\u00e1tico.<\/p>\n<p>La jornada se enmarca dentro del proyecto <strong>VITISAD<\/strong>, que se centra en mejorar la adaptaci\u00f3n de los territorios del \u00e1rea occidental del espacio POCTEFA (territorio fronterizo de Espa\u00f1a, Francia y Andorra) a trav\u00e9s del fomento de pr\u00e1cticas agron\u00f3micas que permitan la adaptaci\u00f3n del vi\u00f1edo al cambio clim\u00e1tico. En la jornada se mostrar\u00e1n los resultados de los ensayos llevados a cabo en estas zonas.<\/p>\n<p>Puedes consultar toda la informaci\u00f3n de la jornada e inscribirte a trav\u00e9s de este <a href=\"https:\/\/neiker.eus\/es\/eventos\/agendaestrategias-y-practicas-viticolas-sostenibles-de-adaptacion-al-cambio-climatico\/\" target=\"_blank\" rel=\"noopener\" data-cke-saved-href=\"https:\/\/neiker.eus\/es\/eventos\/agendaestrategias-y-practicas-viticolas-sostenibles-de-adaptacion-al-cambio-climatico\/\">enlace<\/a>.<\/p>\n<p>+INFO\u00a0H\u00c9CTOR: 618 670 869<\/p>\n","protected":false},"excerpt":{"rendered":"<p>NEIKER (Instituto Vasco de Investigaci\u00f3n y Desarrollo Agrario), ha organizado el pr\u00f3ximo 24 de mayo una jornada sobre Estrategias y pr\u00e1cticas vit\u00edcolas sostenibles de adaptaci\u00f3n al cambio clim\u00e1tico. La jornada se enmarca dentro del proyecto VITISAD, que se centra en mejorar la adaptaci\u00f3n de los territorios del \u00e1rea occidental del espacio POCTEFA (territorio fronterizo de [&hellip;]<\/p>\n","protected":false},"author":4,"featured_media":1132,"comment_status":"closed","ping_status":"closed","sticky":false,"template":"","format":"standard","meta":{"footnotes":""},"categories":[7,66,31],"tags":[],"yoast_head":"<!-- This site is optimized with the Yoast SEO plugin v21.5 - https:\/\/yoast.com\/wordpress\/plugins\/seo\/ -->\n<title>24 de mayo, jornada sobre\u00a0Estrategias y pr\u00e1cticas vit\u00edcolas sostenibles de adaptaci\u00f3n al cambio clim\u00e1tico - UAGA<\/title>\n<meta name=\"robots\" content=\"index, follow, max-snippet:-1, max-image-preview:large, max-video-preview:-1\" \/>\n<link rel=\"canonical\" href=\"https:\/\/www.uaga.eus\/eu\/24-de-mayo-jornada-sobre-estrategias-y-practicas-viticolas-sostenibles-de-adaptacion-al-cambio-climatico\/\" \/>\n<meta property=\"og:locale\" content=\"en_US\" \/>\n<meta property=\"og:type\" content=\"article\" \/>\n<meta property=\"og:title\" content=\"24 de mayo, jornada sobre\u00a0Estrategias y pr\u00e1cticas vit\u00edcolas sostenibles de adaptaci\u00f3n al cambio clim\u00e1tico - UAGA\" \/>\n<meta property=\"og:description\" content=\"NEIKER (Instituto Vasco de Investigaci\u00f3n y Desarrollo Agrario), ha organizado el pr\u00f3ximo 24 de mayo una jornada sobre Estrategias y pr\u00e1cticas vit\u00edcolas sostenibles de adaptaci\u00f3n al cambio clim\u00e1tico. La jornada se enmarca dentro del proyecto VITISAD, que se centra en mejorar la adaptaci\u00f3n de los territorios del \u00e1rea occidental del espacio POCTEFA (territorio fronterizo de [&hellip;]\" \/>\n<meta property=\"og:url\" content=\"https:\/\/www.uaga.eus\/eu\/24-de-mayo-jornada-sobre-estrategias-y-practicas-viticolas-sostenibles-de-adaptacion-al-cambio-climatico\/\" \/>\n<meta property=\"og:site_name\" content=\"UAGA\" \/>\n<meta property=\"article:published_time\" content=\"2022-05-06T10:06:35+00:00\" \/>\n<meta property=\"og:image\" content=\"https:\/\/www.uaga.eus\/wp-content\/uploads\/2018\/02\/licitacion-DOC-Rioja-2018-e1554464317663.jpg\" \/>\n\t<meta property=\"og:image:width\" content=\"700\" \/>\n\t<meta property=\"og:image:height\" content=\"378\" \/>\n\t<meta property=\"og:image:type\" content=\"image\/jpeg\" \/>\n<meta name=\"author\" content=\"Blanca S\u00e1nchez\" \/>\n<meta name=\"twitter:card\" content=\"summary_large_image\" \/>\n<meta name=\"twitter:label1\" content=\"Written by\" \/>\n\t<meta name=\"twitter:data1\" content=\"Blanca S\u00e1nchez\" \/>\n\t<meta name=\"twitter:label2\" content=\"Est. reading time\" \/>\n\t<meta name=\"twitter:data2\" content=\"1 minutua\" \/>\n<script type=\"application\/ld+json\" class=\"yoast-schema-graph\">{\"@context\":\"https:\/\/schema.org\",\"@graph\":[{\"@type\":\"WebPage\",\"@id\":\"https:\/\/www.uaga.eus\/eu\/24-de-mayo-jornada-sobre-estrategias-y-practicas-viticolas-sostenibles-de-adaptacion-al-cambio-climatico\/\",\"url\":\"https:\/\/www.uaga.eus\/eu\/24-de-mayo-jornada-sobre-estrategias-y-practicas-viticolas-sostenibles-de-adaptacion-al-cambio-climatico\/\",\"name\":\"24 de mayo, jornada sobre\u00a0Estrategias y pr\u00e1cticas vit\u00edcolas sostenibles de adaptaci\u00f3n al cambio clim\u00e1tico - UAGA\",\"isPartOf\":{\"@id\":\"https:\/\/www.uaga.eus\/#website\"},\"datePublished\":\"2022-05-06T10:06:35+00:00\",\"dateModified\":\"2022-05-06T10:06:35+00:00\",\"author\":{\"@id\":\"https:\/\/www.uaga.eus\/#\/schema\/person\/48c3cbf0f33d1b788226dbb6518689cf\"},\"breadcrumb\":{\"@id\":\"https:\/\/www.uaga.eus\/eu\/24-de-mayo-jornada-sobre-estrategias-y-practicas-viticolas-sostenibles-de-adaptacion-al-cambio-climatico\/#breadcrumb\"},\"inLanguage\":\"eu\",\"potentialAction\":[{\"@type\":\"ReadAction\",\"target\":[\"https:\/\/www.uaga.eus\/eu\/24-de-mayo-jornada-sobre-estrategias-y-practicas-viticolas-sostenibles-de-adaptacion-al-cambio-climatico\/\"]}]},{\"@type\":\"BreadcrumbList\",\"@id\":\"https:\/\/www.uaga.eus\/eu\/24-de-mayo-jornada-sobre-estrategias-y-practicas-viticolas-sostenibles-de-adaptacion-al-cambio-climatico\/#breadcrumb\",\"itemListElement\":[{\"@type\":\"ListItem\",\"position\":1,\"name\":\"Inicio\",\"item\":\"https:\/\/www.uaga.eus\/\"},{\"@type\":\"ListItem\",\"position\":2,\"name\":\"24 de mayo, jornada sobre\u00a0Estrategias y pr\u00e1cticas vit\u00edcolas sostenibles de adaptaci\u00f3n al cambio clim\u00e1tico\"}]},{\"@type\":\"WebSite\",\"@id\":\"https:\/\/www.uaga.eus\/#website\",\"url\":\"https:\/\/www.uaga.eus\/\",\"name\":\"UAGA\",\"description\":\"Uni\u00f3n Agroganadera de \u00c1lava - Araba Nekazarien Elkartea\",\"potentialAction\":[{\"@type\":\"SearchAction\",\"target\":{\"@type\":\"EntryPoint\",\"urlTemplate\":\"https:\/\/www.uaga.eus\/?s={search_term_string}\"},\"query-input\":\"required name=search_term_string\"}],\"inLanguage\":\"eu\"},{\"@type\":\"Person\",\"@id\":\"https:\/\/www.uaga.eus\/#\/schema\/person\/48c3cbf0f33d1b788226dbb6518689cf\",\"name\":\"Blanca S\u00e1nchez\",\"image\":{\"@type\":\"ImageObject\",\"inLanguage\":\"eu\",\"@id\":\"https:\/\/www.uaga.eus\/#\/schema\/person\/image\/\",\"url\":\"https:\/\/secure.gravatar.com\/avatar\/0dc91c20648254b1ce84877283f6751b?s=96&d=mm&r=g\",\"contentUrl\":\"https:\/\/secure.gravatar.com\/avatar\/0dc91c20648254b1ce84877283f6751b?s=96&d=mm&r=g\",\"caption\":\"Blanca S\u00e1nchez\"},\"url\":\"https:\/\/www.uaga.eus\/eu\/author\/bsanchez\/\"}]}<\/script>\n<!-- \/ Yoast SEO plugin. -->","yoast_head_json":{"title":"24 de mayo, jornada sobre\u00a0Estrategias y pr\u00e1cticas vit\u00edcolas sostenibles de adaptaci\u00f3n al cambio clim\u00e1tico - UAGA","robots":{"index":"index","follow":"follow","max-snippet":"max-snippet:-1","max-image-preview":"max-image-preview:large","max-video-preview":"max-video-preview:-1"},"canonical":"https:\/\/www.uaga.eus\/eu\/24-de-mayo-jornada-sobre-estrategias-y-practicas-viticolas-sostenibles-de-adaptacion-al-cambio-climatico\/","og_locale":"en_US","og_type":"article","og_title":"24 de mayo, jornada sobre\u00a0Estrategias y pr\u00e1cticas vit\u00edcolas sostenibles de adaptaci\u00f3n al cambio clim\u00e1tico - UAGA","og_description":"NEIKER (Instituto Vasco de Investigaci\u00f3n y Desarrollo Agrario), ha organizado el pr\u00f3ximo 24 de mayo una jornada sobre Estrategias y pr\u00e1cticas vit\u00edcolas sostenibles de adaptaci\u00f3n al cambio clim\u00e1tico. La jornada se enmarca dentro del proyecto VITISAD, que se centra en mejorar la adaptaci\u00f3n de los territorios del \u00e1rea occidental del espacio POCTEFA (territorio fronterizo de [&hellip;]","og_url":"https:\/\/www.uaga.eus\/eu\/24-de-mayo-jornada-sobre-estrategias-y-practicas-viticolas-sostenibles-de-adaptacion-al-cambio-climatico\/","og_site_name":"UAGA","article_published_time":"2022-05-06T10:06:35+00:00","og_image":[{"width":700,"height":378,"url":"https:\/\/www.uaga.eus\/wp-content\/uploads\/2018\/02\/licitacion-DOC-Rioja-2018-e1554464317663.jpg","type":"image\/jpeg"}],"author":"Blanca S\u00e1nchez","twitter_card":"summary_large_image","twitter_misc":{"Written by":"Blanca S\u00e1nchez","Est. reading time":"1 minutua"},"schema":{"@context":"https:\/\/schema.org","@graph":[{"@type":"WebPage","@id":"https:\/\/www.uaga.eus\/eu\/24-de-mayo-jornada-sobre-estrategias-y-practicas-viticolas-sostenibles-de-adaptacion-al-cambio-climatico\/","url":"https:\/\/www.uaga.eus\/eu\/24-de-mayo-jornada-sobre-estrategias-y-practicas-viticolas-sostenibles-de-adaptacion-al-cambio-climatico\/","name":"24 de mayo, jornada sobre\u00a0Estrategias y pr\u00e1cticas vit\u00edcolas sostenibles de adaptaci\u00f3n al cambio clim\u00e1tico - UAGA","isPartOf":{"@id":"https:\/\/www.uaga.eus\/#website"},"datePublished":"2022-05-06T10:06:35+00:00","dateModified":"2022-05-06T10:06:35+00:00","author":{"@id":"https:\/\/www.uaga.eus\/#\/schema\/person\/48c3cbf0f33d1b788226dbb6518689cf"},"breadcrumb":{"@id":"https:\/\/www.uaga.eus\/eu\/24-de-mayo-jornada-sobre-estrategias-y-practicas-viticolas-sostenibles-de-adaptacion-al-cambio-climatico\/#breadcrumb"},"inLanguage":"eu","potentialAction":[{"@type":"ReadAction","target":["https:\/\/www.uaga.eus\/eu\/24-de-mayo-jornada-sobre-estrategias-y-practicas-viticolas-sostenibles-de-adaptacion-al-cambio-climatico\/"]}]},{"@type":"BreadcrumbList","@id":"https:\/\/www.uaga.eus\/eu\/24-de-mayo-jornada-sobre-estrategias-y-practicas-viticolas-sostenibles-de-adaptacion-al-cambio-climatico\/#breadcrumb","itemListElement":[{"@type":"ListItem","position":1,"name":"Inicio","item":"https:\/\/www.uaga.eus\/"},{"@type":"ListItem","position":2,"name":"24 de mayo, jornada sobre\u00a0Estrategias y pr\u00e1cticas vit\u00edcolas sostenibles de adaptaci\u00f3n al cambio clim\u00e1tico"}]},{"@type":"WebSite","@id":"https:\/\/www.uaga.eus\/#website","url":"https:\/\/www.uaga.eus\/","name":"UAGA","description":"Uni\u00f3n Agroganadera de \u00c1lava - Araba Nekazarien Elkartea","potentialAction":[{"@type":"SearchAction","target":{"@type":"EntryPoint","urlTemplate":"https:\/\/www.uaga.eus\/?s={search_term_string}"},"query-input":"required name=search_term_string"}],"inLanguage":"eu"},{"@type":"Person","@id":"https:\/\/www.uaga.eus\/#\/schema\/person\/48c3cbf0f33d1b788226dbb6518689cf","name":"Blanca S\u00e1nchez","image":{"@type":"ImageObject","inLanguage":"eu","@id":"https:\/\/www.uaga.eus\/#\/schema\/person\/image\/","url":"https:\/\/secure.gravatar.com\/avatar\/0dc91c20648254b1ce84877283f6751b?s=96&d=mm&r=g","contentUrl":"https:\/\/secure.gravatar.com\/avatar\/0dc91c20648254b1ce84877283f6751b?s=96&d=mm&r=g","caption":"Blanca S\u00e1nchez"},"url":"https:\/\/www.uaga.eus\/eu\/author\/bsanchez\/"}]}},"_links":{"self":[{"href":"https:\/\/www.uaga.eus\/eu\/wp-json\/wp\/v2\/posts\/10144"}],"collection":[{"href":"https:\/\/www.uaga.eus\/eu\/wp-json\/wp\/v2\/posts"}],"about":[{"href":"https:\/\/www.uaga.eus\/eu\/wp-json\/wp\/v2\/types\/post"}],"author":[{"embeddable":true,"href":"https:\/\/www.uaga.eus\/eu\/wp-json\/wp\/v2\/users\/4"}],"replies":[{"embeddable":true,"href":"https:\/\/www.uaga.eus\/eu\/wp-json\/wp\/v2\/comments?post=10144"}],"version-history":[{"count":1,"href":"https:\/\/www.uaga.eus\/eu\/wp-json\/wp\/v2\/posts\/10144\/revisions"}],"predecessor-version":[{"id":10145,"href":"https:\/\/www.uaga.eus\/eu\/wp-json\/wp\/v2\/posts\/10144\/revisions\/10145"}],"wp:featuredmedia":[{"embeddable":true,"href":"https:\/\/www.uaga.eus\/eu\/wp-json\/wp\/v2\/media\/1132"}],"wp:attachment":[{"href":"https:\/\/www.uaga.eus\/eu\/wp-json\/wp\/v2\/media?parent=10144"}],"wp:term":[{"taxonomy":"category","embeddable":true,"href":"https:\/\/www.uaga.eus\/eu\/wp-json\/wp\/v2\/categories?post=10144"},{"taxonomy":"post_tag","embeddable":true,"href":"https:\/\/www.uaga.eus\/eu\/wp-json\/wp\/v2\/tags?post=10144"}],"curies":[{"name":"wp","href":"https:\/\/api.w.org\/{rel}","templated":true}]}}